{"id":99943,"date":"2020-02-25T14:43:04","date_gmt":"2020-02-25T14:43:04","guid":{"rendered":"http:\/\/plazajuarez.mx\/index\/index.php\/2020\/02\/25\/capturan-a-uno-por-crimen-del-hijo-de-gerardo-sosa\/"},"modified":"2020-02-25T14:43:04","modified_gmt":"2020-02-25T14:43:04","slug":"capturan-a-uno-por-crimen-del-hijo-de-gerardo-sosa","status":"publish","type":"post","link":"https:\/\/plazajuarez.mx\/historico\/capturan-a-uno-por-crimen-del-hijo-de-gerardo-sosa\/","title":{"rendered":"Capturan a uno por crimen del hijo de Gerardo Sosa"},"content":{"rendered":"<p>CON INICIALES \u201cF\u201d \u201cR\u201d \u201cM\u201d<br \/>La Procuradur\u00eda de Justicia de Hidalgo confirm\u00f3 la detenci\u00f3n del imputado por el homicidio<\/p>\n<p>  <!--more-->  <\/p>\n<p>A un a\u00f1o de que se cometiera el crimen contra el hijo de Gerardo Sosa Castel\u00e1n, presidente del Patronato Universitario de la UAEH, de manera extraoficial la noche del domingo trascendi\u00f3 que elementos de la Polic\u00eda de Investigaci\u00f3n lograron la aprehensi\u00f3n de una persona involucrada en la muerte de \u201cG\u201d \u201cS\u201d \u201cC\u201d.<br \/>Como se recuerda fue el 23 de febrero de 2019, cuando ocurri\u00f3 la tragedia que enlut\u00f3 a la familia Sosa Castel\u00e1n, luego que &#8220;G&#8221; &#8220;S&#8221; &#8220;C&#8221; fue atacado y recibi\u00f3 cuatro impactos de arma de fuego, en el crucero a Santa Ana Hueytlalpan, de la regi\u00f3n de Tulancingo, donde en estado grave fue trasladado a la cl\u00ednica de San Pedro, pero m\u00e1s tarde se le canaliz\u00f3 al Hospital General de Tulancingo, de donde sus familiares lo sacaron y llevaron por sus propios medios, a la cl\u00ednica Santa Mar\u00eda en Tulancingo\u201d, donde desafortunadamente muri\u00f3.<br \/>Sobre el detenido, se dijo que fue trasladado al Centro de Readaptaci\u00f3n Social de Pachuca, donde posteriormente se dio inici\u00f3 a la audiencia inicial relacionada con la causa penal 166\/2020 que se deriv\u00f3 de la carpeta de investigaci\u00f3n 18\/2019\/658, por el homicidio de \u201cG\u201d \u201cS\u201d \u201cC\u201d.<br \/>Durante la audiencia el abogado defensor de \u201cF\u201d \u201cR\u201d \u201cM\u201d, solicit\u00f3 la suspensi\u00f3n de la diligencia para preparar la estrategia de la defensa y esta fue concedida por la juez Janeth Montiel Mendoza.<br \/>Finalmente la Procuradur\u00eda de Hidalgo confirm\u00f3 la detenci\u00f3n del imputado por el delito de homicidio.<\/p>\n","protected":false},"excerpt":{"rendered":"<p>CON INICIALES \u201cF\u201d \u201cR\u201d \u201cM\u201dLa Procuradur\u00eda de Justicia de Hidalgo confirm\u00f3 la detenci\u00f3n del imputado por el homicidio<\/p>\n","protected":false},"author":93,"featured_media":0,"comment_status":"open","ping_status":"open","sticky":false,"template":"","format":"standard","meta":{"footnotes":""},"categories":[37],"tags":[],"class_list":["post-99943","post","type-post","status-publish","format-standard","hentry","category-barandilla"],"_links":{"self":[{"href":"https:\/\/plazajuarez.mx\/historico\/wp-json\/wp\/v2\/posts\/99943","targetHints":{"allow":["GET"]}}],"collection":[{"href":"https:\/\/plazajuarez.mx\/historico\/wp-json\/wp\/v2\/posts"}],"about":[{"href":"https:\/\/plazajuarez.mx\/historico\/wp-json\/wp\/v2\/types\/post"}],"author":[{"embeddable":true,"href":"https:\/\/plazajuarez.mx\/historico\/wp-json\/wp\/v2\/users\/93"}],"replies":[{"embeddable":true,"href":"https:\/\/plazajuarez.mx\/historico\/wp-json\/wp\/v2\/comments?post=99943"}],"version-history":[{"count":0,"href":"https:\/\/plazajuarez.mx\/historico\/wp-json\/wp\/v2\/posts\/99943\/revisions"}],"wp:attachment":[{"href":"https:\/\/plazajuarez.mx\/historico\/wp-json\/wp\/v2\/media?parent=99943"}],"wp:term":[{"taxonomy":"category","embeddable":true,"href":"https:\/\/plazajuarez.mx\/historico\/wp-json\/wp\/v2\/categories?post=99943"},{"taxonomy":"post_tag","embeddable":true,"href":"https:\/\/plazajuarez.mx\/historico\/wp-json\/wp\/v2\/tags?post=99943"}],"curies":[{"name":"wp","href":"https:\/\/api.w.org\/{rel}","templated":true}]}}