{"id":99937,"date":"2020-02-25T14:42:57","date_gmt":"2020-02-25T14:42:57","guid":{"rendered":"http:\/\/plazajuarez.mx\/index\/index.php\/2020\/02\/25\/conmemoraron-el-dia-de-la-bandera\/"},"modified":"2020-02-25T14:42:57","modified_gmt":"2020-02-25T14:42:57","slug":"conmemoraron-el-dia-de-la-bandera","status":"publish","type":"post","link":"https:\/\/plazajuarez.mx\/historico\/conmemoraron-el-dia-de-la-bandera\/","title":{"rendered":"Conmemoraron el D\u00eda de la Bandera"},"content":{"rendered":"<p>En la explanada municipal<\/p>\n<p>\u00a0\u00a0 \u00a0\u2022\u00a0\u00a0 \u00a0Se dijo que en la bandera \u201cestamos representados todos, nuestras luchas, ideales, valores e identidad\u201d\u2028<br \/>Se record\u00f3 que los valores que tenemos que renovar diariamente como naci\u00f3n son la uni\u00f3n, la solidaridad, la generosidad y la paz<\/p>\n<p>  <!--more-->  <\/p>\n<p>El presidente municipal, Gabriel Garc\u00eda Rojas, acompa\u00f1ado por algunos\u00a0 funcionarios locales, tom\u00f3 protesta a los integrantes de las 12 escoltas que fueron abanderadas durante esta ceremonia c\u00edvica, cuyo objetivo fue rendir tributo a la ense\u00f1a tricolor, en el marco de la celebraci\u00f3n del 199 Aniversario del D\u00eda de la Bandera. <br \/>Durante este acto, el alcalde pidi\u00f3 a los asistentes honrar a la bandera como un s\u00edmbolo de unidad, con el fin de demostrar que la ciudadan\u00eda es fuerte e independiente y que trabaja de manera decidida con sus autoridades para hacer de este municipio, un lugar mejor, que se distingue porque su gente se esfuerza por preservar los valores c\u00edvicos y \u00e9ticos, para tener una mejor calidad de vida.<br \/>Gabriel Garc\u00eda Rojas refrend\u00f3 su compromiso de laborar arduamente y de la mano con el gobernador, Omar Fayad, hasta el \u00faltimo d\u00eda de su administraci\u00f3n, en favor de los tizayuquenses.<br \/>Se\u00f1al\u00f3 que sociedad y gobierno tienen que unir esfuerzos para lograr vencer los obst\u00e1culos que se les presentan, sobre todo si tienen la responsabilidad de preparar a mejores ciudadanos y mejores profesionistas, quienes ser\u00e1n los encargados el d\u00eda de ma\u00f1ana de tomar las decisiones m\u00e1s trascendentales para el crecimiento de su entorno.<br \/>Cabe destacar que durante la ceremonia c\u00edvica toc\u00f3 la banda de guerra de la escuela Secundaria General Maestro Justo Sierra, y apoyaron por la escolta del Cuerpo de Bomberos de Tizayuca, llev\u00f3 a cabo el izamiento de la bandera del asta central de la explanada municipal.<\/p>\n","protected":false},"excerpt":{"rendered":"<p>En la explanada municipal \u00a0\u00a0 \u00a0\u2022\u00a0\u00a0 \u00a0Se dijo que en la bandera \u201cestamos representados todos, nuestras luchas, ideales, valores e identidad\u201d\u2028Se record\u00f3 que los valores que tenemos que renovar diariamente como naci\u00f3n son la uni\u00f3n, la solidaridad, la generosidad y la paz<\/p>\n","protected":false},"author":93,"featured_media":0,"comment_status":"open","ping_status":"open","sticky":false,"template":"","format":"standard","meta":{"footnotes":""},"categories":[40],"tags":[],"class_list":["post-99937","post","type-post","status-publish","format-standard","hentry","category-region"],"_links":{"self":[{"href":"https:\/\/plazajuarez.mx\/historico\/wp-json\/wp\/v2\/posts\/99937","targetHints":{"allow":["GET"]}}],"collection":[{"href":"https:\/\/plazajuarez.mx\/historico\/wp-json\/wp\/v2\/posts"}],"about":[{"href":"https:\/\/plazajuarez.mx\/historico\/wp-json\/wp\/v2\/types\/post"}],"author":[{"embeddable":true,"href":"https:\/\/plazajuarez.mx\/historico\/wp-json\/wp\/v2\/users\/93"}],"replies":[{"embeddable":true,"href":"https:\/\/plazajuarez.mx\/historico\/wp-json\/wp\/v2\/comments?post=99937"}],"version-history":[{"count":0,"href":"https:\/\/plazajuarez.mx\/historico\/wp-json\/wp\/v2\/posts\/99937\/revisions"}],"wp:attachment":[{"href":"https:\/\/plazajuarez.mx\/historico\/wp-json\/wp\/v2\/media?parent=99937"}],"wp:term":[{"taxonomy":"category","embeddable":true,"href":"https:\/\/plazajuarez.mx\/historico\/wp-json\/wp\/v2\/categories?post=99937"},{"taxonomy":"post_tag","embeddable":true,"href":"https:\/\/plazajuarez.mx\/historico\/wp-json\/wp\/v2\/tags?post=99937"}],"curies":[{"name":"wp","href":"https:\/\/api.w.org\/{rel}","templated":true}]}}