{"id":99902,"date":"2020-02-24T14:54:21","date_gmt":"2020-02-24T14:54:21","guid":{"rendered":"http:\/\/plazajuarez.mx\/index\/index.php\/2020\/02\/24\/la-berlinale-niega-haber-rechazado-a-ai-weiwei-por-presiones-chinas\/"},"modified":"2020-02-24T14:54:21","modified_gmt":"2020-02-24T14:54:21","slug":"la-berlinale-niega-haber-rechazado-a-ai-weiwei-por-presiones-chinas","status":"publish","type":"post","link":"https:\/\/plazajuarez.mx\/historico\/la-berlinale-niega-haber-rechazado-a-ai-weiwei-por-presiones-chinas\/","title":{"rendered":"La Berlinale niega haber rechazado a Ai Weiwei por presiones chinas"},"content":{"rendered":"<p>Hay pol\u00e9mica<br \/>\u00a0\u00a0 \u00a0\u2022\u00a0\u00a0 \u00a0El propio Ai hab\u00eda decidido de antemano presentar su proyecto en otro festival, por lo que no entr\u00f3 en la selecci\u00f3n\u2028<\/p>\n<p>  <!--more-->  <\/p>\n<p>La direcci\u00f3n de la Berlinale neg\u00f3 hoy haber rechazado un filme del artista y activista chino Ai Weiwei por supuestas presiones de las autoridades del pa\u00eds asi\u00e1tico, como ha asegurado el l\u00edder del movimiento democr\u00e1tico en Hong Kong, Joshua Wong.<br \/>Las afirmaciones de Wong &#8220;carecen de fundamento&#8221;, puntualizaron fuentes del festival. El propio Ai hab\u00eda decidido de antemano presentar su proyecto en otro festival, por lo que no entr\u00f3 en la selecci\u00f3n de obras para el certamen alem\u00e1n, explicaron<br \/>La respuesta del festival sigue a unas declaraciones de Wong al dominical del diario &#8220;Die Welt&#8221;, en el que se pronunciaba a favor de boicotear la Berlinale por el supuesto bloqueo al lme &#8220;Vivos&#8221;, en que Ai denuncia matanzas en M\u00e9xico.<br \/>Para mi est\u00e1 claro que Ai no ha sido aceptado en la Berlinale por su situaci\u00f3n pol\u00edtica&#8221;, hab\u00eda armado Wong a ese diario. El artista chino vivi\u00f3 exiliado en Berl\u00edn durante cuatro a\u00f1os, hasta que en agosto de 2019 decidi\u00f3 abandonar Alemania entre fuertes cr\u00edticas a la pol\u00edtica y la cultura de ese pa\u00eds, donde dijo sentirse aislado. Ai hab\u00eda llegado a Alemania cuatro a\u00f1os antes, invitado por la Universidad de Bellas Artes, tras serle levantado el arresto domiciliario que le fue impuesto por las autoridades chinas por varios delitos.<br \/>Estos d\u00edas se proyect\u00f3 en la capital alemana su pel\u00edcula &#8220;Censored&#8221;, dentro de un ciclo previo a la gala de Cinema for Peace, que tiene lugar esta noche, en paralelo al discurrir de la Berlinale.<br \/>En fin, s\u00f3lo el tiempo le dar\u00e1 la raz\u00f3n, ya sea a la Instituci\u00f3n o al artista, quien seguir\u00e1 buscando poder proyectar sus obras en algunos otros lugares.<\/p>\n<p>Dato: Estos d\u00edas se proyect\u00f3 en la capital alemana su pel\u00edcula &#8220;Censored&#8221;, dentro de un ciclo previo a la gala de Cinema for Peace<\/p>\n","protected":false},"excerpt":{"rendered":"<p>Hay pol\u00e9mica\u00a0\u00a0 \u00a0\u2022\u00a0\u00a0 \u00a0El propio Ai hab\u00eda decidido de antemano presentar su proyecto en otro festival, por lo que no entr\u00f3 en la selecci\u00f3n\u2028<\/p>\n","protected":false},"author":93,"featured_media":0,"comment_status":"open","ping_status":"open","sticky":false,"template":"","format":"standard","meta":{"footnotes":""},"categories":[41],"tags":[],"class_list":["post-99902","post","type-post","status-publish","format-standard","hentry","category-arteria-cultural"],"_links":{"self":[{"href":"https:\/\/plazajuarez.mx\/historico\/wp-json\/wp\/v2\/posts\/99902","targetHints":{"allow":["GET"]}}],"collection":[{"href":"https:\/\/plazajuarez.mx\/historico\/wp-json\/wp\/v2\/posts"}],"about":[{"href":"https:\/\/plazajuarez.mx\/historico\/wp-json\/wp\/v2\/types\/post"}],"author":[{"embeddable":true,"href":"https:\/\/plazajuarez.mx\/historico\/wp-json\/wp\/v2\/users\/93"}],"replies":[{"embeddable":true,"href":"https:\/\/plazajuarez.mx\/historico\/wp-json\/wp\/v2\/comments?post=99902"}],"version-history":[{"count":0,"href":"https:\/\/plazajuarez.mx\/historico\/wp-json\/wp\/v2\/posts\/99902\/revisions"}],"wp:attachment":[{"href":"https:\/\/plazajuarez.mx\/historico\/wp-json\/wp\/v2\/media?parent=99902"}],"wp:term":[{"taxonomy":"category","embeddable":true,"href":"https:\/\/plazajuarez.mx\/historico\/wp-json\/wp\/v2\/categories?post=99902"},{"taxonomy":"post_tag","embeddable":true,"href":"https:\/\/plazajuarez.mx\/historico\/wp-json\/wp\/v2\/tags?post=99902"}],"curies":[{"name":"wp","href":"https:\/\/api.w.org\/{rel}","templated":true}]}}