{"id":99887,"date":"2020-02-24T15:12:12","date_gmt":"2020-02-24T15:12:12","guid":{"rendered":"http:\/\/plazajuarez.mx\/index\/index.php\/2020\/02\/24\/urgen-a-implementar-estrategias-contra-los-feminicidios-en-hidalgo-2\/"},"modified":"2020-02-24T15:12:12","modified_gmt":"2020-02-24T15:12:12","slug":"urgen-a-implementar-estrategias-contra-los-feminicidios-en-hidalgo-2","status":"publish","type":"post","link":"https:\/\/plazajuarez.mx\/historico\/urgen-a-implementar-estrategias-contra-los-feminicidios-en-hidalgo-2\/","title":{"rendered":"Urgen a implementar estrategias contra los feminicidios en Hidalgo"},"content":{"rendered":"<p>DE 2018 A 2019 SE REGISTRARON 22 CASOS<\/p>\n<p>Se cuenta con tipificaci\u00f3n de feminicidio, con cursos y talleres y cifras se mantienen<\/p>\n<p>  <!--more-->  <\/p>\n<p>En lo que va del a\u00f1o, en Hidalgo se han registrado 10 muertes violentas de mujeres, la directora ejecutiva de la organizaci\u00f3n Servicios de Inclusi\u00f3n Integral (Seiinac), Diana Avil\u00e9s Quesada, urgi\u00f3 estrategias integrales que ayuden a combatir los feminicidios en la entidad.<br \/>Actualmente se cuenta con tipificaci\u00f3n del feminicidio, con cursos y talleres y a pesar de ello, las cifras se han mantenido. &#8220;En lo que va del 2018 y 2019 se registraron 22 casos, esto se traduce en que algo falla y es necesario hacer an\u00e1lisis y recomponer pol\u00edticas p\u00fablicas&#8221;, dijo.<br \/>A la fecha se tienen 10 probables feminicidios en la entidad, dos de ellos se registraron la semana pasada, es necesario que haya una estrategia integral que incluya todas las muertes violentas de mujeres y ni\u00f1as.<br \/>Diana Avil\u00e9s Quesada pidi\u00f3 se refuercen Ministerios P\u00fablicos, ya que es la instancia donde mujeres siguen o dejan el proceso de denuncia, asever\u00f3.<br \/>La activista indic\u00f3 que ha sido lamentable lo que ha ocurrido en el pa\u00eds en los \u00faltimos d\u00edas, no quiere decir que no exist\u00eda, por el contrario el feminicidio y violencia hacia mujeres ha sido sistem\u00e1tico, consider\u00f3 que acciones feministas como protestas han puesto en el reflector esos casos de violencia.<br \/>Enfatiz\u00f3 que no debe de quedar solo en denuncias, que se tomen acciones que terminen con el problema, que afecta a todo el pa\u00eds. &#8220;En algunos sitios los casos de muertes violentas a\u00fan no se investigan como feminicidio, hecho que ya se logr\u00f3 en Hidalgo&#8221;, agreg\u00f3.<br \/>Adem\u00e1s, se\u00f1al\u00f3 que es necesario que haya una revisi\u00f3n a los protocolos de investigaci\u00f3n de este delito y que se d\u00e9 una tipificaci\u00f3n general para todo el pa\u00eds, bajo los mismos protocolos de investigaci\u00f3n. Explic\u00f3 que el feminicidio se caracteriza por el alto grado de violencia hacia las mujeres y en los \u00faltimos casos se ha exacerbado.<\/p>\n","protected":false},"excerpt":{"rendered":"<p>DE 2018 A 2019 SE REGISTRARON 22 CASOS Se cuenta con tipificaci\u00f3n de feminicidio, con cursos y talleres y cifras se mantienen<\/p>\n","protected":false},"author":93,"featured_media":0,"comment_status":"open","ping_status":"open","sticky":false,"template":"","format":"standard","meta":{"footnotes":""},"categories":[37],"tags":[],"class_list":["post-99887","post","type-post","status-publish","format-standard","hentry","category-barandilla"],"_links":{"self":[{"href":"https:\/\/plazajuarez.mx\/historico\/wp-json\/wp\/v2\/posts\/99887","targetHints":{"allow":["GET"]}}],"collection":[{"href":"https:\/\/plazajuarez.mx\/historico\/wp-json\/wp\/v2\/posts"}],"about":[{"href":"https:\/\/plazajuarez.mx\/historico\/wp-json\/wp\/v2\/types\/post"}],"author":[{"embeddable":true,"href":"https:\/\/plazajuarez.mx\/historico\/wp-json\/wp\/v2\/users\/93"}],"replies":[{"embeddable":true,"href":"https:\/\/plazajuarez.mx\/historico\/wp-json\/wp\/v2\/comments?post=99887"}],"version-history":[{"count":0,"href":"https:\/\/plazajuarez.mx\/historico\/wp-json\/wp\/v2\/posts\/99887\/revisions"}],"wp:attachment":[{"href":"https:\/\/plazajuarez.mx\/historico\/wp-json\/wp\/v2\/media?parent=99887"}],"wp:term":[{"taxonomy":"category","embeddable":true,"href":"https:\/\/plazajuarez.mx\/historico\/wp-json\/wp\/v2\/categories?post=99887"},{"taxonomy":"post_tag","embeddable":true,"href":"https:\/\/plazajuarez.mx\/historico\/wp-json\/wp\/v2\/tags?post=99887"}],"curies":[{"name":"wp","href":"https:\/\/api.w.org\/{rel}","templated":true}]}}