{"id":9965,"date":"2015-08-27T13:30:40","date_gmt":"2015-08-27T13:30:40","guid":{"rendered":"http:\/\/plazajuarez.mx\/index\/index.php\/2015\/08\/27\/feria-en-tres-semanas-entregaran-cuentas\/"},"modified":"2015-08-27T13:30:40","modified_gmt":"2015-08-27T13:30:40","slug":"feria-en-tres-semanas-entregaran-cuentas","status":"publish","type":"post","link":"https:\/\/plazajuarez.mx\/historico\/feria-en-tres-semanas-entregaran-cuentas\/","title":{"rendered":"Feria: en tres semanas entregar\u00e1n cuentas"},"content":{"rendered":"<p><strong>Tulancingo<\/strong><\/p>\n<ul>\n<li><strong>Aseguran que esta feria super\u00f3 expectativas al registrar cerca de 370 mil asistentes<\/strong><strong> <br \/><\/strong><\/li>\n<\/ul>\n<p><strong>El presidente del comit\u00e9 organizador, Felipe Garc\u00eda Quiroz, calific\u00f3 esta respuesta como buen precedente, \u201clas mejores ferias del pa\u00eds tienen r\u00e9cords de 450 mil asistentes, aproximadamente; \u201cno estamos lejos de alcanzar dicha cantidad para posicionar a Tulancingo entre las 10 mejores ferias de M\u00e9xico\u201d<\/strong><\/p>\n<p>  <!--more-->  <\/p>\n<p>\u00a0<\/p>\n<p>La pasada Expo Feria de Tulancingo 2015 super\u00f3 expectativas en asistencia, al tener a 20 mil personas m\u00e1s de las que se ten\u00edan previstas originalmente, asegur\u00f3 el presidente del comit\u00e9 organizador, Felipe Garc\u00eda Quiroz.<\/p>\n<p>\u00a0<\/p>\n<p>Al iniciar los festejos de esta edici\u00f3n, primera que organiza la administraci\u00f3n de Julio Soto en lo que va de su mandato, se fij\u00f3 como objetivo la recepci\u00f3n de unas 350 mil personas al interior del recinto; sin embarg\u00f3 Garc\u00eda Quiroz estim\u00f3 que se registraron m\u00e1s de 370 mil accesos durante los 24 d\u00edas que la celebraci\u00f3n tuvo de duraci\u00f3n.<\/p>\n<p>\u00a0<\/p>\n<p>El tambi\u00e9n Secretario General Municipal calific\u00f3 esta respuesta como un buen precedente, toda vez que las mejores ferias del pa\u00eds tienen r\u00e9cords de unos 450 mil asistentes, aproximadamente; \u201cNo estamos lejos de alcanzar dicha cantidad para posicionar a Tulancingo entre las 10 mejores ferias de M\u00e9xico\u201d, subray\u00f3.<\/p>\n<p>\u00a0<\/p>\n<p>Sin especificar fecha, el funcionario calcul\u00f3 que ser\u00e1 en un lapso no mayor a tres semanas, cuando el comit\u00e9 ofrezca el corte final, para dar a conocer las ganancias que dej\u00f3 tanto la expo feria, como la feria tradicional, de nuestra Se\u00f1ora de los \u00c1ngeles, en este 2015.<\/p>\n<p>\u00a0<\/p>\n<p>Por otro lado, Garc\u00eda Quiroz asegur\u00f3 que el pr\u00e9stamo que solicit\u00f3 a la administraci\u00f3n ser\u00e1 liquidado en esta misma semana.<\/p>\n<p>\u00a0<\/p>\n<p>\u201cPedimos un mill\u00f3n de pesos prestados y los pagaremos en los pr\u00f3ximos d\u00edas; tambi\u00e9n en caso de existir ganancias de la feria, haremos la propuesta de invertirlo en el recinto\u201d, finaliz\u00f3.<\/p>\n","protected":false},"excerpt":{"rendered":"<p>Tulancingo Aseguran que esta feria super\u00f3 expectativas al registrar cerca de 370 mil asistentes El presidente del comit\u00e9 organizador, Felipe Garc\u00eda Quiroz, calific\u00f3 esta respuesta como buen precedente, \u201clas mejores ferias del pa\u00eds tienen r\u00e9cords de 450 mil asistentes, aproximadamente; \u201cno estamos lejos de alcanzar dicha cantidad para posicionar a Tulancingo entre las 10 mejores [&hellip;]<\/p>\n","protected":false},"author":93,"featured_media":0,"comment_status":"open","ping_status":"open","sticky":false,"template":"","format":"standard","meta":{"footnotes":""},"categories":[40],"tags":[],"class_list":["post-9965","post","type-post","status-publish","format-standard","hentry","category-region"],"_links":{"self":[{"href":"https:\/\/plazajuarez.mx\/historico\/wp-json\/wp\/v2\/posts\/9965","targetHints":{"allow":["GET"]}}],"collection":[{"href":"https:\/\/plazajuarez.mx\/historico\/wp-json\/wp\/v2\/posts"}],"about":[{"href":"https:\/\/plazajuarez.mx\/historico\/wp-json\/wp\/v2\/types\/post"}],"author":[{"embeddable":true,"href":"https:\/\/plazajuarez.mx\/historico\/wp-json\/wp\/v2\/users\/93"}],"replies":[{"embeddable":true,"href":"https:\/\/plazajuarez.mx\/historico\/wp-json\/wp\/v2\/comments?post=9965"}],"version-history":[{"count":0,"href":"https:\/\/plazajuarez.mx\/historico\/wp-json\/wp\/v2\/posts\/9965\/revisions"}],"wp:attachment":[{"href":"https:\/\/plazajuarez.mx\/historico\/wp-json\/wp\/v2\/media?parent=9965"}],"wp:term":[{"taxonomy":"category","embeddable":true,"href":"https:\/\/plazajuarez.mx\/historico\/wp-json\/wp\/v2\/categories?post=9965"},{"taxonomy":"post_tag","embeddable":true,"href":"https:\/\/plazajuarez.mx\/historico\/wp-json\/wp\/v2\/tags?post=9965"}],"curies":[{"name":"wp","href":"https:\/\/api.w.org\/{rel}","templated":true}]}}