{"id":9963,"date":"2015-08-27T13:28:31","date_gmt":"2015-08-27T13:28:31","guid":{"rendered":"http:\/\/plazajuarez.mx\/index\/index.php\/2015\/08\/27\/700-familias-de-ixmiquilpan-en-peligro-de-perder-sus-tierras\/"},"modified":"2015-08-27T13:28:31","modified_gmt":"2015-08-27T13:28:31","slug":"700-familias-de-ixmiquilpan-en-peligro-de-perder-sus-tierras","status":"publish","type":"post","link":"https:\/\/plazajuarez.mx\/historico\/700-familias-de-ixmiquilpan-en-peligro-de-perder-sus-tierras\/","title":{"rendered":"700 familias de  Ixmiquilpan, en peligro  de perder sus tierras"},"content":{"rendered":"<p><strong>* Exigen respeto ante Tribunal Agrario, y que Cipriano Charerez, \u201csaque las manos\u201d<\/strong><\/p>\n<p>  <!--more-->  <\/p>\n<p>\u00a0<\/p>\n<p>Ayer, una manifestaci\u00f3n multitudinaria, procedente del municipio de Ixmiquilpan, acudi\u00f3 hasta el Tribunal Unitario Agrario, para demandar el respeto al r\u00e9gimen a la peque\u00f1a propiedad, y en rotunda oposici\u00f3n a la propiedad comunal denominativo que ha buscado un grupo de 30 personas en contra de m\u00e1s de 700 familias de, al menos, 10 localidades en San Juanico.<\/p>\n<p>\u00a0<\/p>\n<p>Los inconformes llegaron hasta el tribunal para demandar a la magistrada que lleva el caso, se respeten las garant\u00edas individuales y no se dictamine a favor de 30 personas encabezadas por Julio Pe\u00f1a Tepetate, quien afirmaron \u201cha dicho que est\u00e1 respaldado por el gobierno municipal, por eso pedimos tambi\u00e9n, que en caso de que el presidente Cipriano Charrez Pedraza tenga las manos dentro de este asunto, que las saque\u201d.<\/p>\n<p>\u00a0<\/p>\n<p>Por lo anterior, incitaron al di\u00e1logo y al respeto, ya que dijeron que en varias de las localidades a quienes se les pretende cambiar el r\u00e9gimen de peque\u00f1a propiedad a propiedad comunal, han hablado acerca de hacer justicia con sus propias manos, siempre en defensa de sus tierras.<\/p>\n<p>\u00a0<\/p>\n<p>\u201cSon treinta los que se han querido apoderar de nuestras tierras, terrenos de habitantes de 10 localidades: Puerto de Dexthi as\u00ed como\u00a0 Dexthi, Bojay, Uxtheje, Palma, Barrio los Mart\u00ednez, El Durazno, entre otros\u201d.<\/p>\n<p>\u00a0<\/p>\n<p>Y agregaron que fueron el grupo de Julio Pe\u00f1a Tepetate, Jorge Doroteo Guerrero, y Cayetano Palma Pe\u00f1a, los que han querido despojarlos de su patrimonio. De igual forma, extendieron el llamado hasta el gobierno estatal, a fin de que se act\u00fae con justicia y se evite que haya problem\u00e1ticas mayores, incluso el derramamiento vano de sangre.<\/p>\n<p>\u00a0<\/p>\n<p>\u201cEstamos abiertos al di\u00e1logo, pero que no intenten quitarnos nuestra tierra, la vamos a defender con todo, no queremos que nos vean como los revoltosos, pero si las autoridades no intervienen para que se respeten nuestros derechos y se haga justicia, tendremos que protegernos nosotros\u201d, afirmaron.<\/p>\n<p>\u00a0<\/p>\n<p>CITA:<\/p>\n<p>\u201cSON TREINTA LOS QUE SE HAN QUERIDO APODERAR DE NUESTRAS TIERRAS, TERRENOS DE HABITANTES DE 10 LOCALIDADES: PUERTO DE DEXTHI AS\u00cd COMO\u00a0 DEXTHI, BOJAY, UXTHEJE, PALMA, BARRIO LOS MART\u00cdNEZ, EL DURAZNO, ENTRE OTROS\u201d:<\/p>\n<p><strong>JULIO PE\u00d1A TEPETATE<\/strong><\/p>\n","protected":false},"excerpt":{"rendered":"<p>* Exigen respeto ante Tribunal Agrario, y que Cipriano Charerez, \u201csaque las manos\u201d<\/p>\n","protected":false},"author":93,"featured_media":0,"comment_status":"open","ping_status":"open","sticky":false,"template":"","format":"standard","meta":{"footnotes":""},"categories":[59],"tags":[],"class_list":["post-9963","post","type-post","status-publish","format-standard","hentry","category-general"],"_links":{"self":[{"href":"https:\/\/plazajuarez.mx\/historico\/wp-json\/wp\/v2\/posts\/9963","targetHints":{"allow":["GET"]}}],"collection":[{"href":"https:\/\/plazajuarez.mx\/historico\/wp-json\/wp\/v2\/posts"}],"about":[{"href":"https:\/\/plazajuarez.mx\/historico\/wp-json\/wp\/v2\/types\/post"}],"author":[{"embeddable":true,"href":"https:\/\/plazajuarez.mx\/historico\/wp-json\/wp\/v2\/users\/93"}],"replies":[{"embeddable":true,"href":"https:\/\/plazajuarez.mx\/historico\/wp-json\/wp\/v2\/comments?post=9963"}],"version-history":[{"count":0,"href":"https:\/\/plazajuarez.mx\/historico\/wp-json\/wp\/v2\/posts\/9963\/revisions"}],"wp:attachment":[{"href":"https:\/\/plazajuarez.mx\/historico\/wp-json\/wp\/v2\/media?parent=9963"}],"wp:term":[{"taxonomy":"category","embeddable":true,"href":"https:\/\/plazajuarez.mx\/historico\/wp-json\/wp\/v2\/categories?post=9963"},{"taxonomy":"post_tag","embeddable":true,"href":"https:\/\/plazajuarez.mx\/historico\/wp-json\/wp\/v2\/tags?post=9963"}],"curies":[{"name":"wp","href":"https:\/\/api.w.org\/{rel}","templated":true}]}}