{"id":9946,"date":"2015-08-26T13:55:21","date_gmt":"2015-08-26T13:55:21","guid":{"rendered":"http:\/\/plazajuarez.mx\/index\/index.php\/2015\/08\/26\/muere-el-fotografo-nereo-lopez\/"},"modified":"2015-08-26T13:55:21","modified_gmt":"2015-08-26T13:55:21","slug":"muere-el-fotografo-nereo-lopez","status":"publish","type":"post","link":"https:\/\/plazajuarez.mx\/historico\/muere-el-fotografo-nereo-lopez\/","title":{"rendered":"Muere el fot\u00f3grafo Nereo L\u00f3pez"},"content":{"rendered":"<p>ocument\u00f3 la realidad de Colombia durante d\u00e9cadas y tuvo acceso a personajes como el papa Pablo VI cuando \u00e9ste visit\u00f3 Colombia en 1968, y Garc\u00eda M\u00e1rquez cuando gan\u00f3 el Nobel de literatura en 1982<\/p>\n<p>  <!--more-->  <\/p>\n<p>\u00a0<\/p>\n<p>El fot\u00f3grafo colombiano Nereo L\u00f3pez, quien retrat\u00f3 desde personalidades como Gabriel Garc\u00eda M\u00e1rquez hasta a sus compatriotas m\u00e1s pobres, muri\u00f3 el martes en Nueva York, dijo el Ministerio de Cultura colombiano en su cuenta de Twitter. Ten\u00eda 95 a\u00f1os.<\/p>\n<p>L\u00f3pez, uno de los fot\u00f3grafos m\u00e1s destacados de su pa\u00eds, document\u00f3 la realidad de Colombia durante d\u00e9cadas y tuvo acceso a personajes como el papa Pablo VI cuando visit\u00f3 Colombia en 1968 y Garc\u00eda M\u00e1rquez cuando el autor se hizo al premio Nobel de Literatura en 1982 en Estocolmo.<\/p>\n<p>&#8220;Nuestras condolencias a familiares y amigos del gran maestro #NereoL\u00f3pez, su inmenso legado nos seguir\u00e1 acompa\u00f1ando. Es historia viva&#8221;, tuite\u00f3 el Ministerio de Cultura.<\/p>\n<p>Nacido en 1920 en Cartagena de Indias, L\u00f3pez viaj\u00f3 por su pa\u00eds durante a\u00f1os, fotografiando el paisaje andino y escenas cotidianas de ciudades, pueblos y fiestas tradicionales. Lleg\u00f3 a ser conocido como el fot\u00f3grafo del Carnaval de Barranquilla y su extensa obra ha sido recogida en numerosas revistas, enciclopedias, cat\u00e1logos y libros. Trabaj\u00f3 para diarios como El Tiempo, El Espectador y las revistas Cromos y O Cruzeiro.<\/p>\n<p>El diario estadunidense New York Times escribi\u00f3 sobre \u00e9l en 2013, cuando lo describi\u00f3 como &#8220;el m\u00e1s exitoso fot\u00f3grafo colombiano de su &#8211; o de cualquier &#8211; generaci\u00f3n&#8221;.<\/p>\n<p>Influenciado por el cine desde joven, mostr\u00f3 al p\u00fablico zonas remotas que jam\u00e1s hab\u00edan sido fotografiadas en im\u00e1genes que combinaron poes\u00eda visual y trabajo documental.<\/p>\n<p>L\u00f3pez se traslad\u00f3 a Nueva York en el 2000, tras verse obligado a cerrar el centro de fotograf\u00eda Ense\u00f1anza y Cultura Fotogr\u00e1fica que abri\u00f3 en los a\u00f1os 80 en Bogot\u00e1.<\/p>\n<p>Seg\u00fan Jaime Abello, director de la Fundaci\u00f3n para el Nuevo Periodismo Iberoamericano, creada por Garc\u00eda M\u00e1rquez, L\u00f3pez &#8220;fue el gran fot\u00f3grafo de Colombia en el siglo XX&#8221;.<\/p>\n<p>Hasta el \u00faltimo d\u00eda de su vida, agreg\u00f3, siempre anduvo con su c\u00e1mara de fotograf\u00eda. &#8220;Fue un gran fotoperiodista, un artista, un fot\u00f3grafo de pueblo que recorri\u00f3 toda Colombia, que retrat\u00f3 a los obreros y a los campesinos, a los soldados y a las fiestas populares&#8221;.<\/p>\n<p>Fue amigo personal de Garc\u00eda M\u00e1rquez, a quien le tom\u00f3 una foto con los miembros del Grupo de Barranquilla, \u00c1lvaro Cepeda Samudio, Alfonso Fuenmayor y Germ\u00e1n Vargas Cantillo, inmortalizados en su obra cumbre &#8220;Cien a\u00f1os de soledad&#8221;.<\/p>\n<p>\u00a0<\/p>\n<p>\u00a0<\/p>\n","protected":false},"excerpt":{"rendered":"<p>ocument\u00f3 la realidad de Colombia durante d\u00e9cadas y tuvo acceso a personajes como el papa Pablo VI cuando \u00e9ste visit\u00f3 Colombia en 1968, y Garc\u00eda M\u00e1rquez cuando gan\u00f3 el Nobel de literatura en 1982<\/p>\n","protected":false},"author":93,"featured_media":0,"comment_status":"open","ping_status":"open","sticky":false,"template":"","format":"standard","meta":{"footnotes":""},"categories":[41],"tags":[],"class_list":["post-9946","post","type-post","status-publish","format-standard","hentry","category-arteria-cultural"],"_links":{"self":[{"href":"https:\/\/plazajuarez.mx\/historico\/wp-json\/wp\/v2\/posts\/9946","targetHints":{"allow":["GET"]}}],"collection":[{"href":"https:\/\/plazajuarez.mx\/historico\/wp-json\/wp\/v2\/posts"}],"about":[{"href":"https:\/\/plazajuarez.mx\/historico\/wp-json\/wp\/v2\/types\/post"}],"author":[{"embeddable":true,"href":"https:\/\/plazajuarez.mx\/historico\/wp-json\/wp\/v2\/users\/93"}],"replies":[{"embeddable":true,"href":"https:\/\/plazajuarez.mx\/historico\/wp-json\/wp\/v2\/comments?post=9946"}],"version-history":[{"count":0,"href":"https:\/\/plazajuarez.mx\/historico\/wp-json\/wp\/v2\/posts\/9946\/revisions"}],"wp:attachment":[{"href":"https:\/\/plazajuarez.mx\/historico\/wp-json\/wp\/v2\/media?parent=9946"}],"wp:term":[{"taxonomy":"category","embeddable":true,"href":"https:\/\/plazajuarez.mx\/historico\/wp-json\/wp\/v2\/categories?post=9946"},{"taxonomy":"post_tag","embeddable":true,"href":"https:\/\/plazajuarez.mx\/historico\/wp-json\/wp\/v2\/tags?post=9946"}],"curies":[{"name":"wp","href":"https:\/\/api.w.org\/{rel}","templated":true}]}}