{"id":99438,"date":"2020-02-17T12:33:12","date_gmt":"2020-02-17T12:33:12","guid":{"rendered":"http:\/\/plazajuarez.mx\/index\/index.php\/2020\/02\/17\/dese-por-enterado-688\/"},"modified":"2020-04-14T18:58:32","modified_gmt":"2020-04-14T18:58:32","slug":"dese-por-enterado-688","status":"publish","type":"post","link":"https:\/\/plazajuarez.mx\/historico\/dese-por-enterado-688\/","title":{"rendered":"DESE POR ENTERADO"},"content":{"rendered":"<p>SEMANA DECISIVA PARA LA \u201cCUENTA SUIZA\u201d.- De acuerdo a lo expresado por el escritor y periodista Alfredo Rivera Flores, durante su conferencia en la Tercera Semana de Periodismo, Hidalgo 2020, la Fiscal\u00eda General de la Rep\u00fablica ya tiene en sus manos el caso de la Cuenta Suiza de la Universidad Aut\u00f3noma del Estado de Hidalgo, cuyos recursos por m\u00e1s de tres mil millones de pesos fueron congelados por la Unidad de Inteligencia Financiera de Hacienda.<\/p>\n<p>  <!--more-->  <\/p>\n<p>Rivera Flores sostuvo que Gerardo Sosa Castel\u00e1n, presidente del Patronato Universitario, deber\u00e1 presentarse ante la Fiscal\u00eda para explicar el origen de estos recursos. Es decir que ya corre el tiempo para que finalmente se deslinden responsabilidades.<\/p>\n<p>\u00a0\u00a0 \u00a0\u00a0\u00a0 \u00a0\u00a0\u00a0 \u00a0\u00a0\u00a0 \u00a0\u00a0\u00a0 \u00a0***<\/p>\n<p>PINOCHO YA CAY\u00d3 DE LA GRACIA DE SU PATR\u00d3N.- En \u00faltimas fechas se le ve\u00eda poco m\u00e1s que autosuficiente, hasta presum\u00eda que ya se mov\u00eda sin hilos de por medio. Soltaba feroces acusaciones y demandaba que nadam\u00e1s porque \u00e9l lo ped\u00eda, destituyeran a este u otro funcionario, \u201c\u00a1Qu\u00e9 Pinocho lo dice!\u201d, clamaba. Pero resulta que ya cay\u00f3 de la gracia de su patr\u00f3n y pap\u00e1 de nombre Gepetto, quien ya le hizo ver que no se pase de listo, que si se mueve es porque \u00e9l lo quiere, y que no le haga al listo porque regresa a ser lo que siempre ha sido: una marioneta abandonada al olvido.<\/p>\n<p>\u00a0\u00a0 \u00a0\u00a0\u00a0 \u00a0\u00a0\u00a0 \u00a0\u00a0\u00a0 \u00a0\u00a0\u00a0 \u00a0***<\/p>\n<p>MORENA, YA NI EN QUI\u00c9N CONFIAR.- De plano que con los Morenos ya no se sabe qui\u00e9n habla con seriedad, y qui\u00e9n por pura conveniencia. Porque la encuerada que le dieron a Francisco Pati\u00f1o, quien hoy enarbola la bandera de que casi quiere quemar en le\u00f1a verde a los del Grupo Universidad, resulta que sincera, lo que se dice sincera, pues como que no. Que alg\u00fan tiempo tuvo negocios con los susodichos, que incluso traicion\u00f3 cual vil Judas a militantes de izquierda para hacerla la barba al Supremo Patrono. Es decir que todo es un des\u2026astre, y ya ni en qui\u00e9n confiar. Una l\u00e1stima se\u00f1or Pati\u00f1o, aunque ya ten\u00edamos muchas sospechas de usted.<\/p>\n<p>\u00a0\u00a0 \u00a0\u00a0\u00a0 \u00a0\u00a0\u00a0 \u00a0\u00a0\u00a0 \u00a0\u00a0\u00a0 \u00a0***<\/p>\n<p>SOY INSTITUCIONAL, PRECISA LUIS JAIME OSORIO.- Luis Jaime Osorio sabe que la pol\u00edtica se hace de tiempos y circunstancias. Nadie desconoce que ser candidato pri\u00edsta para la presidencia municipal de Pachuca, ha sido uno de sus sue\u00f1os m\u00e1s constantes. \u201cSoy institucional y leal a mi partido\u201d, destac\u00f3 recientemente. Sabe pues de institucionalidad y lealtad. Dos elementos fundamentales para quien pretenda, de manera real, hacer que el tricolor recupere terreno en los pr\u00f3ximos comicios. <\/p>\n<p>\u00a0\u00a0 \u00a0\u00a0\u00a0 \u00a0\u00a0\u00a0 \u00a0\u00a0\u00a0 \u00a0\u00a0\u00a0 \u00a0***<\/p>\n<p>Aviso para que no digan: Esta columna se nutre de comentarios recabados en agencias del Recontra-Espionaje, muy similares a las que populariz\u00f3 el \u201cS\u00faper Agente 86\u201d en sus tiempos. Como tal, usted est\u00e1 en libertad de creer o no lo que lee, recontra-enojarse, recontra-carcajearse y hasta recontra-recordarnos a nuestra jefecita (nosotros recontra-hacemos lo propio). Avisado est\u00e1 usted.<\/p>\n<p>Dudas y comentarios:<br \/>desexenterado@gmail.com<br \/>@desexenterado<\/p>\n<p><\/p>\n","protected":false},"excerpt":{"rendered":"<p>SEMANA DECISIVA PARA LA \u201cCUENTA SUIZA\u201d.- De acuerdo a lo expresado por el escritor y periodista Alfredo Rivera Flores, durante su conferencia en la Tercera Semana de Periodismo, Hidalgo 2020, la Fiscal\u00eda General de la Rep\u00fablica ya tiene en sus manos el caso de la Cuenta Suiza de la Universidad Aut\u00f3noma del Estado de Hidalgo, [&hellip;]<\/p>\n","protected":false},"author":93,"featured_media":0,"comment_status":"open","ping_status":"open","sticky":false,"template":"","format":"standard","meta":{"footnotes":""},"categories":[83,42],"tags":[66],"class_list":["post-99438","post","type-post","status-publish","format-standard","hentry","category-dese-por-enterado","category-nuestrapalabra","tag-dese"],"_links":{"self":[{"href":"https:\/\/plazajuarez.mx\/historico\/wp-json\/wp\/v2\/posts\/99438","targetHints":{"allow":["GET"]}}],"collection":[{"href":"https:\/\/plazajuarez.mx\/historico\/wp-json\/wp\/v2\/posts"}],"about":[{"href":"https:\/\/plazajuarez.mx\/historico\/wp-json\/wp\/v2\/types\/post"}],"author":[{"embeddable":true,"href":"https:\/\/plazajuarez.mx\/historico\/wp-json\/wp\/v2\/users\/93"}],"replies":[{"embeddable":true,"href":"https:\/\/plazajuarez.mx\/historico\/wp-json\/wp\/v2\/comments?post=99438"}],"version-history":[{"count":0,"href":"https:\/\/plazajuarez.mx\/historico\/wp-json\/wp\/v2\/posts\/99438\/revisions"}],"wp:attachment":[{"href":"https:\/\/plazajuarez.mx\/historico\/wp-json\/wp\/v2\/media?parent=99438"}],"wp:term":[{"taxonomy":"category","embeddable":true,"href":"https:\/\/plazajuarez.mx\/historico\/wp-json\/wp\/v2\/categories?post=99438"},{"taxonomy":"post_tag","embeddable":true,"href":"https:\/\/plazajuarez.mx\/historico\/wp-json\/wp\/v2\/tags?post=99438"}],"curies":[{"name":"wp","href":"https:\/\/api.w.org\/{rel}","templated":true}]}}