{"id":99281,"date":"2020-02-14T12:28:10","date_gmt":"2020-02-14T12:28:10","guid":{"rendered":"http:\/\/plazajuarez.mx\/index\/index.php\/2020\/02\/14\/el-periodismo-es-de-retos-monroy\/"},"modified":"2020-02-14T12:28:10","modified_gmt":"2020-02-14T12:28:10","slug":"el-periodismo-es-de-retos-monroy","status":"publish","type":"post","link":"https:\/\/plazajuarez.mx\/historico\/el-periodismo-es-de-retos-monroy\/","title":{"rendered":"\u201cEl periodismo es de retos\u201d: Monroy"},"content":{"rendered":"<p>EN HIDALGO<\/p>\n<p>\u00a0\u00a0 \u00a0\u2022\u00a0\u00a0 \u00a0La corresponsal del Diario Plaza Ju\u00e1rez en la regi\u00f3n Tula-Tepeji fue reconocida por sus 29 a\u00f1os de trayectoria\u2028<\/p>\n<p>  <!--more-->  <\/p>\n<p>Han pasado cerca de veintinueve a\u00f1os en que comenz\u00f3 su labor period\u00edstica en el diario Nueva Imagen, a la usanza de la vieja escuela, y hoy, en este 2020, Ver\u00f3nica Monroy Elizalde, la ahora corresponsal del Diario Plaza Ju\u00e1rez en la regi\u00f3n Tula-Tepeji, fue reconocida por el gremio, esto dentro del marco de la Tercera Semana del Periodismo, evento que, como lo indica su eslogan, une a los periodistas. <br \/>\u00a0\u00a0 \u00a0\u201cEn primer lugar, siento mucha emoci\u00f3n\u201d, relata la comunicadora tras recibir su reconocimiento, \u201csobre todo porque, yo creo que cuando creen en ti, ya sea tu familia, tus compa\u00f1eros, las futuras generaciones; y sin duda el periodismo ahora es muy complicado, no es lo mismo que hace 29 a\u00f1os que yo inici\u00e9, ha revolucionado, y los periodistas nos tenemos que revolucionar tambi\u00e9n\u201d. <br \/>\u00a0\u00a0 \u00a0Rememora las vicisitudes que ha tenido el periodismo desde hace 29 a\u00f1os, y refiere que, evidentemente, las cosas se hac\u00edan diferentes en ese entonces, \u201chace tiempo, a m\u00ed me toc\u00f3 armar un peri\u00f3dico, incluso con recortes, en ese tiempo era la gerente de Nueva Imagen, pero nada m\u00e1s de papel, porque ten\u00eda que hacer todo\u201d, y ahora confiesa que la forma de hacer noticias ha cambiado con la tecnolog\u00eda.<br \/>\u00a0\u00a0 \u00a0No obstante, comenta que, a pesar de estas situaciones, se ha llevado muchas experiencias, y menciona dos hechos que le han dejado marca en su trabajo: el caso de una escuela sin instalaciones, y Tlahuelilpan; y a pesar de esto, refiere que el periodismo es un oficio de muchos retos, por lo que recomienda a las nuevas generaciones: \u201camen lo que hacen\u201d.<\/p>\n","protected":false},"excerpt":{"rendered":"<p>EN HIDALGO \u00a0\u00a0 \u00a0\u2022\u00a0\u00a0 \u00a0La corresponsal del Diario Plaza Ju\u00e1rez en la regi\u00f3n Tula-Tepeji fue reconocida por sus 29 a\u00f1os de trayectoria\u2028<\/p>\n","protected":false},"author":93,"featured_media":0,"comment_status":"open","ping_status":"open","sticky":false,"template":"","format":"standard","meta":{"footnotes":""},"categories":[59],"tags":[],"class_list":["post-99281","post","type-post","status-publish","format-standard","hentry","category-general"],"_links":{"self":[{"href":"https:\/\/plazajuarez.mx\/historico\/wp-json\/wp\/v2\/posts\/99281","targetHints":{"allow":["GET"]}}],"collection":[{"href":"https:\/\/plazajuarez.mx\/historico\/wp-json\/wp\/v2\/posts"}],"about":[{"href":"https:\/\/plazajuarez.mx\/historico\/wp-json\/wp\/v2\/types\/post"}],"author":[{"embeddable":true,"href":"https:\/\/plazajuarez.mx\/historico\/wp-json\/wp\/v2\/users\/93"}],"replies":[{"embeddable":true,"href":"https:\/\/plazajuarez.mx\/historico\/wp-json\/wp\/v2\/comments?post=99281"}],"version-history":[{"count":0,"href":"https:\/\/plazajuarez.mx\/historico\/wp-json\/wp\/v2\/posts\/99281\/revisions"}],"wp:attachment":[{"href":"https:\/\/plazajuarez.mx\/historico\/wp-json\/wp\/v2\/media?parent=99281"}],"wp:term":[{"taxonomy":"category","embeddable":true,"href":"https:\/\/plazajuarez.mx\/historico\/wp-json\/wp\/v2\/categories?post=99281"},{"taxonomy":"post_tag","embeddable":true,"href":"https:\/\/plazajuarez.mx\/historico\/wp-json\/wp\/v2\/tags?post=99281"}],"curies":[{"name":"wp","href":"https:\/\/api.w.org\/{rel}","templated":true}]}}