{"id":99278,"date":"2020-02-14T12:28:05","date_gmt":"2020-02-14T12:28:05","guid":{"rendered":"http:\/\/plazajuarez.mx\/index\/index.php\/2020\/02\/14\/dese-por-enterado-687\/"},"modified":"2020-04-14T18:58:33","modified_gmt":"2020-04-14T18:58:33","slug":"dese-por-enterado-687","status":"publish","type":"post","link":"https:\/\/plazajuarez.mx\/historico\/dese-por-enterado-687\/","title":{"rendered":"DESE POR ENTERADO"},"content":{"rendered":"<p>PERO SI DA MOTIVO EL PINOCHO.- En serio, ya no pens\u00e1bamos hablar m\u00e1s de ese T\u00edtere Peleonero, pero da motivos y no podemos dejarlo de lado.<\/p>\n<p>  <!--more-->  <\/p>\n<p>Sucede que a sus temibles pataletas porque nadie lo pel\u00f3 en lo que su pap\u00e1 Gepetto imagin\u00f3 un colosal complot , ahora de plano trasladan el asunto directamente a las elecciones municipales y hasta canes llaman a los que se han atrevido a no seguir su Ultra Secreta y Ultra Retorcida t\u00e1ctica para llevar a la horca a Sim\u00f3n Vargas. Pues sucede que el ni\u00f1o Pinocho (ya no diremos su nombre, para no hacerle publicidad gratis) recibi\u00f3 la orden de su Pap\u00b4s para arremeter duro y tupido en contra de esos sabandijas organizadores de la Tercera Semana del Periodismo, Hidalgo 2020, todos allegados al poder seg\u00fan el Pinocho. Eso s\u00ed, acudi\u00f3 a plantearse al evento y hoy ni por equivocaci\u00f3n acudir\u00e1 a la presentaci\u00f3n de Alfredo Rivera Flores, archienemigo de su papi. Lo que hay que ver.<br \/>\u00a0\u00a0 \u00a0\u00a0\u00a0 \u00a0\u00a0\u00a0 \u00a0\u00a0\u00a0 \u00a0\u00a0\u00a0 \u00a0***<br \/>LO CREA O NO, FINALISTAS POR MORENA: LIMA MORALES Y NAVOR ROJAS.- Con todo y que \u201csu pasado lo condena\u201d, Francisco Pati\u00f1o tuvo raz\u00f3n al afirmar que de plano en Morena no hay ning\u00fan buen perfil para buscar la alcald\u00eda de Pachuca, de tal modo que las mejores posibilidades son Jos\u00e9 Luis Lima Morales y Navor Rojas Mancera. Al primero lo condenan una serie de deslealtades de las que ya no hablaremos, y al segundo nada\u2026 bueno hasta el encuentro absurdo e incensario que tuvo con el \u201cPap\u00e1 de la pol\u00edtica hidalguense\u201d, Canek V\u00e1zquez, y luego tomarse foto como si fuera un orgullo aparecer con el \u201cMirrey de la Polaka\u201d. No lo entendemos. \u00bfQu\u00e9 necesidad hab\u00eda? Pero como quiera, Navor va adelante.<br \/>\u00a0\u00a0 \u00a0\u00a0\u00a0 \u00a0\u00a0\u00a0 \u00a0\u00a0\u00a0 \u00a0\u00a0\u00a0 \u00a0***<br \/>OTRA DE LOS SINDICATOS DE LA UAEH.- Los sindicatos de personal acad\u00e9mico y de trabajadores de la UAEH, aseguran que van derechito a la huelga si no les conceden los aumentos salariales que exigen, as\u00ed como mejoras sustanciales en prestaciones. Por supuesto que nadie los toma en serio, y si se mantienen en su posici\u00f3n ser\u00e1 s\u00ed, y solo s\u00ed, recibieron la anuencia y aprobaci\u00f3n de quien usted ya sabe. Esta vez, como coincide con calendario electoral, es muy posible que se vayan hasta el l\u00edmite y truenen la cuerda, pero por supuesto para culpar a otros, no a su patr\u00f3n candoroso. La historia de siempre.<br \/>\u00a0\u00a0 \u00a0\u00a0\u00a0 \u00a0\u00a0\u00a0 \u00a0\u00a0\u00a0 \u00a0\u00a0\u00a0 \u00a0***<br \/>OTRA DE LOS DIPUTADOS NEO MORENISTAS.- Pues no, los que controlan el Congreso de Hidalgo, es decir los legisladores leales y carnales del Grupo Universidad, decidieron que no dar\u00edan un peso este a\u00f1o al Proyecto del Sincrotr\u00f3n. Nom\u00e1s porque s\u00ed, faltaba m\u00e1s. Seguramente los diputados y diputadas que le pusieron el pie al proyecto anotado, no saben ni de qu\u00e9 se trata, pero como recibieron la orden para bloquearlo, pues obedecieron como lo que son: s\u00fabditos obedientes. No se vale, en serio que no, pero seguramente el proyecto seguir\u00e1. Jos\u00e9 Luis Romo Cruz, secretario de Pol\u00edticas P\u00fablicas del Estado ya le entr\u00f3 al quite, y seguramente dar\u00e1 buenas noticias pr\u00f3ximamente.<br \/>\u00a0\u00a0 \u00a0\u00a0\u00a0 \u00a0\u00a0\u00a0 \u00a0\u00a0\u00a0 \u00a0\u00a0\u00a0 \u00a0***<br \/>Aviso para que no digan: Esta columna se nutre de comentarios recabados por agencias del Recontra-Espionaje, muy similares a las que populariz\u00f3 el \u201cS\u00faper Agente 86\u201d en sus tiempos. Como tal lo que publicamos puede que sea cierto, puede que no, o todo lo contrario. Est\u00e1 usted en libertad de creer o no lo que lee, recontra-enojarse, recontra-carcajearse y hasta recontra-recordarnos a nuestra jefecita (nosotros recontra-haremos lo propio). Avisado est\u00e1 usted.<br \/>desexenterado@gmail.com<br \/>@desexenterado<\/p>\n","protected":false},"excerpt":{"rendered":"<p>PERO SI DA MOTIVO EL PINOCHO.- En serio, ya no pens\u00e1bamos hablar m\u00e1s de ese T\u00edtere Peleonero, pero da motivos y no podemos dejarlo de lado.<\/p>\n","protected":false},"author":93,"featured_media":0,"comment_status":"open","ping_status":"open","sticky":false,"template":"","format":"standard","meta":{"footnotes":""},"categories":[83,42],"tags":[66],"class_list":["post-99278","post","type-post","status-publish","format-standard","hentry","category-dese-por-enterado","category-nuestrapalabra","tag-dese"],"_links":{"self":[{"href":"https:\/\/plazajuarez.mx\/historico\/wp-json\/wp\/v2\/posts\/99278","targetHints":{"allow":["GET"]}}],"collection":[{"href":"https:\/\/plazajuarez.mx\/historico\/wp-json\/wp\/v2\/posts"}],"about":[{"href":"https:\/\/plazajuarez.mx\/historico\/wp-json\/wp\/v2\/types\/post"}],"author":[{"embeddable":true,"href":"https:\/\/plazajuarez.mx\/historico\/wp-json\/wp\/v2\/users\/93"}],"replies":[{"embeddable":true,"href":"https:\/\/plazajuarez.mx\/historico\/wp-json\/wp\/v2\/comments?post=99278"}],"version-history":[{"count":0,"href":"https:\/\/plazajuarez.mx\/historico\/wp-json\/wp\/v2\/posts\/99278\/revisions"}],"wp:attachment":[{"href":"https:\/\/plazajuarez.mx\/historico\/wp-json\/wp\/v2\/media?parent=99278"}],"wp:term":[{"taxonomy":"category","embeddable":true,"href":"https:\/\/plazajuarez.mx\/historico\/wp-json\/wp\/v2\/categories?post=99278"},{"taxonomy":"post_tag","embeddable":true,"href":"https:\/\/plazajuarez.mx\/historico\/wp-json\/wp\/v2\/tags?post=99278"}],"curies":[{"name":"wp","href":"https:\/\/api.w.org\/{rel}","templated":true}]}}