{"id":99277,"date":"2020-02-14T12:27:56","date_gmt":"2020-02-14T12:27:56","guid":{"rendered":"http:\/\/plazajuarez.mx\/index\/index.php\/2020\/02\/14\/libertad-de-expresion-y-violencia-politica-de-genero\/"},"modified":"2020-02-14T12:27:56","modified_gmt":"2020-02-14T12:27:56","slug":"libertad-de-expresion-y-violencia-politica-de-genero","status":"publish","type":"post","link":"https:\/\/plazajuarez.mx\/historico\/libertad-de-expresion-y-violencia-politica-de-genero\/","title":{"rendered":"Libertad de expresi\u00f3n y violencia pol\u00edtica de g\u00e9nero"},"content":{"rendered":"<p>OPINI\u00d3N<br \/>\u00a0\u00a0 \u00a0\u2022\u00a0\u00a0 \u00a0La D\u00e9cima Sala Civil del Tribunal Superior de Justicia de la Ciudad de M\u00e9xico me ha sentenciado a indemnizar al pol\u00edtico priista y hoy Alcalde de Cuajimalpa Adri\u00e1n Rubalcava\u2028<\/p>\n<p>  <!--more-->  <\/p>\n<p>Mi solidaridad con el polit\u00f3logo Sergio Aguayo ante el embate que sufri\u00f3 por parte de la Sexta Sala Civil del Tribunal Superior de Justicia de la Ciudad de M\u00e9xico, ya que la resoluci\u00f3n emitida atenta contra sus derechos fundamentales, entre ellos, el de libertad de expresi\u00f3n y el de acceso a la informaci\u00f3n, consagrados en los art\u00edculos 6\u00ba y 7\u00ba constitucionales, dejando as\u00ed un mal precedente en la materia.<br \/>Desafortunadamente, no es la \u00fanica sentencia dictada en ese sentido, las mordazas impuestas a los periodistas, ciudadanos y organizaciones desde algunos oscuros \u00e1mbitos del poder existen, no cabe la menor duda.<br \/>Al igual que le sucedi\u00f3 a Aguayo, ahora la D\u00e9cima Sala Civil del Tribunal Superior de Justicia de la Ciudad de M\u00e9xico me ha sentenciado a indemnizar al pol\u00edtico priista y hoy Alcalde de Cuajimalpa Adri\u00e1n Rubalcava por un supuesto da\u00f1o moral. De manera infundada, se resuelve err\u00f3neamente una controversia m\u00e1s a favor de un actor cuyas acciones y entorno se encuentran en el centro de la pol\u00e9mica p\u00fablica de nuestro querido M\u00e9xico, herido y fragmentado por la corrupci\u00f3n e impunidad.<br \/>Antes fueron otros, ayer Moreira y ahora Rubalcava, pero en realidad sigue siendo la misma estirpe. Precisa se\u00f1alar que en este caso los hechos acontecieron en el contexto de un debate pol\u00edtico en el cual manifest\u00e9 p\u00fablicamente las campa\u00f1as de acoso y amenazas de las que fui objeto, las cuales hab\u00edan impedido el ejercicio de mis derechos pol\u00edticos como mujer y ciudadana, as\u00ed como realizar diversas actividades fuera del Palacio Legislativo como Diputada Federal.<br \/>En este debate trascendi\u00f3 el audio de una llamada telef\u00f3nica en la que Adri\u00e1n Rubalcava me manifest\u00f3: &#8220;\u2026si yo hubiera nombrado a un perro de candidato en este distrito hubiera ganado\u2026&#8221;, refiri\u00e9ndose al proceso en el cual obtuve el voto mayoritario para el cargo de Diputada Federal por el distrito 17 que abarca parte de las alcald\u00edas \u00c1lvaro Obreg\u00f3n y Cuajimalpa, una expresi\u00f3n que configura una clara tipolog\u00eda de violencia pol\u00edtica en raz\u00f3n de g\u00e9nero; adem\u00e1s, en el audio se aprecia la prohibici\u00f3n expresa que se me hace para realizar actividades pol\u00edticas en Cuajimalpa.<br \/>No obstante, la Sala me condena, entre otras cosas, a pagar a Adri\u00e1n Rubalcava un mill\u00f3n de pesos por indemnizaci\u00f3n. Resoluci\u00f3n que atenta contra el derecho a la libertad de expresi\u00f3n, que pasa por alto una acci\u00f3n violenta y discriminatoria hacia una mujer y que, por lo tanto, perpet\u00faa la violencia pol\u00edtica y social por razones de g\u00e9nero.<br \/>No menos trascendente es que la Sala estudie el caso con absoluta lejan\u00eda de la perspectiva de g\u00e9nero, volviendo nugatoria en los hechos la antigua y continua lucha de las mujeres. En este momento, tengo el privilegio de poder denunciarlo p\u00fablicamente e, incluso, los medios para acceder a un defensor jur\u00eddico. Sin embargo, no todas las ciudadanas y ciudadanos pueden hacerlo.<br \/>Estoy convencida de que expresar las injusticias, sean propias o ajenas, evitar\u00e1 en un futuro no muy lejano la revictimizaci\u00f3n por parte de las autoridades. Conf\u00edo en las palabras del ministro presidente de la Suprema Corte de Justicia cuando precisa que &#8220;\u2026en el Poder Judicial no podemos bajar la guardia, no podemos cejar hasta en tanto saldemos la deuda que tenemos pendiente con la ciudadan\u00eda. Por el contrario: debemos redoblar energ\u00edas contra la corrupci\u00f3n y la impunidad, con renovado compromiso, voluntad pol\u00edtica y visi\u00f3n de Estado. Debemos seguir en la ruta trazada y generar las condiciones para que la justicia llegue a todos y a todas&#8230;&#8221;. <br \/>Twitter: @LaraPaola1<\/p>\n","protected":false},"excerpt":{"rendered":"<p>OPINI\u00d3N\u00a0\u00a0 \u00a0\u2022\u00a0\u00a0 \u00a0La D\u00e9cima Sala Civil del Tribunal Superior de Justicia de la Ciudad de M\u00e9xico me ha sentenciado a indemnizar al pol\u00edtico priista y hoy Alcalde de Cuajimalpa Adri\u00e1n Rubalcava\u2028<\/p>\n","protected":false},"author":93,"featured_media":0,"comment_status":"open","ping_status":"open","sticky":false,"template":"","format":"standard","meta":{"footnotes":""},"categories":[42],"tags":[],"class_list":["post-99277","post","type-post","status-publish","format-standard","hentry","category-nuestrapalabra"],"_links":{"self":[{"href":"https:\/\/plazajuarez.mx\/historico\/wp-json\/wp\/v2\/posts\/99277","targetHints":{"allow":["GET"]}}],"collection":[{"href":"https:\/\/plazajuarez.mx\/historico\/wp-json\/wp\/v2\/posts"}],"about":[{"href":"https:\/\/plazajuarez.mx\/historico\/wp-json\/wp\/v2\/types\/post"}],"author":[{"embeddable":true,"href":"https:\/\/plazajuarez.mx\/historico\/wp-json\/wp\/v2\/users\/93"}],"replies":[{"embeddable":true,"href":"https:\/\/plazajuarez.mx\/historico\/wp-json\/wp\/v2\/comments?post=99277"}],"version-history":[{"count":0,"href":"https:\/\/plazajuarez.mx\/historico\/wp-json\/wp\/v2\/posts\/99277\/revisions"}],"wp:attachment":[{"href":"https:\/\/plazajuarez.mx\/historico\/wp-json\/wp\/v2\/media?parent=99277"}],"wp:term":[{"taxonomy":"category","embeddable":true,"href":"https:\/\/plazajuarez.mx\/historico\/wp-json\/wp\/v2\/categories?post=99277"},{"taxonomy":"post_tag","embeddable":true,"href":"https:\/\/plazajuarez.mx\/historico\/wp-json\/wp\/v2\/tags?post=99277"}],"curies":[{"name":"wp","href":"https:\/\/api.w.org\/{rel}","templated":true}]}}