{"id":99223,"date":"2020-02-13T12:27:31","date_gmt":"2020-02-13T12:27:31","guid":{"rendered":"http:\/\/plazajuarez.mx\/index\/index.php\/2020\/02\/13\/comerciantes-piden-reubicar-a-vendedores-ambulantes\/"},"modified":"2020-02-13T12:27:31","modified_gmt":"2020-02-13T12:27:31","slug":"comerciantes-piden-reubicar-a-vendedores-ambulantes","status":"publish","type":"post","link":"https:\/\/plazajuarez.mx\/historico\/comerciantes-piden-reubicar-a-vendedores-ambulantes\/","title":{"rendered":"Comerciantes piden reubicar a vendedores ambulantes"},"content":{"rendered":"<p>\u00a0\u00a0\u00a0 \u2022\u00a0\u00a0 \u00a0Quienes los piden son los ubicados en la plaza comercial \u201cEl Papalote\u201d\u00a0\u2028<\/p>\n<p>De no reubicarlos,\u00a0 los comerciantes afectados amenazan con salir\u00a0 nuevamente a las calles para trabajar.<\/p>\n<p>  <!--more-->  <\/p>\n<p>Comerciantes de la plaza \u201cEl Papalote\u201d solicitaron a trav\u00e9s de un escrito a la titular de la direcci\u00f3n de Reglamentos, Espect\u00e1culos y Panteones, Mar\u00eda Luisa Bautista, que reubique a los vendedores ambulantes y semifijos que se encuentran en toda la zona centro y en la avenida Himno Nacional ya que de no hacerlo volver\u00e1n a salir a vender en las calles donde anteriormente estaban. <\/p>\n<p>Lo anterior fue debido a que la plaza en la que fueron reubicados, lamentablemente es un lugar donde no hay mucho flujo de gente lo que afecta severamente sus ingresos. <\/p>\n<p>Los afectados indicaron que los vendedores que se encuentran cerca de la panader\u00eda de la Espiga y los que venden a fuera de la primaria Ignacio Rodr\u00edguez Galv\u00e1n cuentan con un local en la plaza El Papalote pero al no haber ventas ellos siguen ofreciendo sus productos en las calles en lugares que est\u00e1n prohibidos por las autoridades municipales desde la anterior administraci\u00f3n del presidente municipal Juan N\u00fa\u00f1ez Perea. <\/p>\n<p>Cabe recordar que en el centro y calles hab\u00eda muchos vendedores ambulantes, el exalcalde los reubic\u00f3 con el objetivo de que mejorar\u00e1 la imagen del municipio, por lo que se abrieron plazas en las que venden art\u00edculos y comida como la plaza gastron\u00f3mica sin embargo en las calles es visible que nuevamente los vendedores retomaron las vialidades para colocar sus negocios. <\/p>\n","protected":false},"excerpt":{"rendered":"<p>\u00a0\u00a0\u00a0 \u2022\u00a0\u00a0 \u00a0Quienes los piden son los ubicados en la plaza comercial \u201cEl Papalote\u201d\u00a0\u2028 De no reubicarlos,\u00a0 los comerciantes afectados amenazan con salir\u00a0 nuevamente a las calles para trabajar.<\/p>\n","protected":false},"author":93,"featured_media":0,"comment_status":"open","ping_status":"open","sticky":false,"template":"","format":"standard","meta":{"footnotes":""},"categories":[40],"tags":[],"class_list":["post-99223","post","type-post","status-publish","format-standard","hentry","category-region"],"_links":{"self":[{"href":"https:\/\/plazajuarez.mx\/historico\/wp-json\/wp\/v2\/posts\/99223","targetHints":{"allow":["GET"]}}],"collection":[{"href":"https:\/\/plazajuarez.mx\/historico\/wp-json\/wp\/v2\/posts"}],"about":[{"href":"https:\/\/plazajuarez.mx\/historico\/wp-json\/wp\/v2\/types\/post"}],"author":[{"embeddable":true,"href":"https:\/\/plazajuarez.mx\/historico\/wp-json\/wp\/v2\/users\/93"}],"replies":[{"embeddable":true,"href":"https:\/\/plazajuarez.mx\/historico\/wp-json\/wp\/v2\/comments?post=99223"}],"version-history":[{"count":0,"href":"https:\/\/plazajuarez.mx\/historico\/wp-json\/wp\/v2\/posts\/99223\/revisions"}],"wp:attachment":[{"href":"https:\/\/plazajuarez.mx\/historico\/wp-json\/wp\/v2\/media?parent=99223"}],"wp:term":[{"taxonomy":"category","embeddable":true,"href":"https:\/\/plazajuarez.mx\/historico\/wp-json\/wp\/v2\/categories?post=99223"},{"taxonomy":"post_tag","embeddable":true,"href":"https:\/\/plazajuarez.mx\/historico\/wp-json\/wp\/v2\/tags?post=99223"}],"curies":[{"name":"wp","href":"https:\/\/api.w.org\/{rel}","templated":true}]}}