{"id":99222,"date":"2020-02-13T12:27:31","date_gmt":"2020-02-13T12:27:31","guid":{"rendered":"http:\/\/plazajuarez.mx\/index\/index.php\/2020\/02\/13\/invertiran-mas-de-280-mdp-en-nuevas-etapas-de-la-supervia-colosio\/"},"modified":"2020-02-13T12:27:31","modified_gmt":"2020-02-13T12:27:31","slug":"invertiran-mas-de-280-mdp-en-nuevas-etapas-de-la-supervia-colosio","status":"publish","type":"post","link":"https:\/\/plazajuarez.mx\/historico\/invertiran-mas-de-280-mdp-en-nuevas-etapas-de-la-supervia-colosio\/","title":{"rendered":"\u2028Invertir\u00e1n m\u00e1s de 280 mdp en nuevas etapas de la Superv\u00eda Colosio"},"content":{"rendered":"<p>EN LA CUARTA Y QUINTA <br \/>*Dan banderazo de inicio de obra; anuncian tambi\u00e9n el comienzo de la sexta etapa<\/p>\n<p>  <!--more-->  <\/p>\n<p>El gobernador del estado de Hidalgo, Omar Fayad Meneses, encabez\u00f3 el banderazo de inicio de obra de la cuarta y quinta etapa de la denominada \u201cSuperv\u00eda Colosio\u201d, que tendr\u00e1n una inversi\u00f3n conjunta de 288 millones 600 mil pesos y en las que se plantean dos puentes vehiculares entre otras acciones.<br \/>De acuerdo con lo informado por el mandatario estatal, la quinta etapa tendr\u00e1 una inversi\u00f3n por 96 millones de pesos para la construcci\u00f3n de un distribuidor en el entronque con Avenida Universidad, el cual tendr\u00e1 un puente de 472 metros y dos carriles por cada sentido de circulaci\u00f3n.<br \/>Mientras que la cuarta etapa generar\u00e1 un gasto de m\u00e1s 192 millones de pesos, para construir sobre el entronque de la carretera Pachuca\u2013Tulancingo un puente vehicular de 883 metros de largo con una altura de m\u00e1s de 17 metros; \u201ceste puente ubicado a un costado del Deportivo 11 de Julio ayudar\u00e1 a descongestionar el tr\u00e1fico de quienes circulan con direcci\u00f3n a Huejutla, o de quienes lo hacen con direcci\u00f3n a la Ciudad de M\u00e9xico, pero tambi\u00e9n beneficia a las colonias cercanas\u201d, expres\u00f3. <br \/>De igual forma, agreg\u00f3: \u201ctoda la Superv\u00eda Colosio contar\u00e1 con un dise\u00f1o de pavimento que cumplir\u00e1 las especificaciones t\u00e9cnicas que marca la Secretar\u00eda de Comunicaciones y Transportes (SCT), lo que garantizar\u00e1 que esta vialidad tendr\u00e1 una vida \u00fatil de m\u00e1s de 25 a\u00f1os\u201d, destac\u00f3 luego de entregar los vales representativos de la inversi\u00f3n correspondiente a quienes forman parte del comit\u00e9 de obra\u201d.<br \/>Fayad Meneses anunci\u00f3 que a la par se trabajar\u00e1 tambi\u00e9n en la sexta etapa de la Superv\u00eda, \u201choy tambi\u00e9n iniciamos la sexta etapa, que ser\u00e1 la conclusi\u00f3n de esta vialidad que constar\u00e1 primero de la modernizaci\u00f3n de las vialidades para una superficie de rodamiento de concreto hidr\u00e1ulico de alta resistencia, de 20 cent\u00edmetros de espesor, se contar\u00e1 con dos circuitos de ciclov\u00edas y para la seguridad de los usuarios del transporte p\u00fablico, se construir\u00e1n 29 casetas para paraderos del transporte p\u00fablico, tanto local, estatal y\u00a0 federal\u201d.<br \/>Finalmente, dijo que tambi\u00e9n se ha contemplado una intervenci\u00f3n urbana en sus casi 17 kil\u00f3metros de longitud, por lo que se construir\u00e1n guarniciones y banquetas en ambos sentidos, para la movilidad y seguridad del peat\u00f3n.<\/p>\n","protected":false},"excerpt":{"rendered":"<p>EN LA CUARTA Y QUINTA *Dan banderazo de inicio de obra; anuncian tambi\u00e9n el comienzo de la sexta etapa<\/p>\n","protected":false},"author":93,"featured_media":0,"comment_status":"open","ping_status":"open","sticky":false,"template":"","format":"standard","meta":{"footnotes":""},"categories":[59],"tags":[],"class_list":["post-99222","post","type-post","status-publish","format-standard","hentry","category-general"],"_links":{"self":[{"href":"https:\/\/plazajuarez.mx\/historico\/wp-json\/wp\/v2\/posts\/99222","targetHints":{"allow":["GET"]}}],"collection":[{"href":"https:\/\/plazajuarez.mx\/historico\/wp-json\/wp\/v2\/posts"}],"about":[{"href":"https:\/\/plazajuarez.mx\/historico\/wp-json\/wp\/v2\/types\/post"}],"author":[{"embeddable":true,"href":"https:\/\/plazajuarez.mx\/historico\/wp-json\/wp\/v2\/users\/93"}],"replies":[{"embeddable":true,"href":"https:\/\/plazajuarez.mx\/historico\/wp-json\/wp\/v2\/comments?post=99222"}],"version-history":[{"count":0,"href":"https:\/\/plazajuarez.mx\/historico\/wp-json\/wp\/v2\/posts\/99222\/revisions"}],"wp:attachment":[{"href":"https:\/\/plazajuarez.mx\/historico\/wp-json\/wp\/v2\/media?parent=99222"}],"wp:term":[{"taxonomy":"category","embeddable":true,"href":"https:\/\/plazajuarez.mx\/historico\/wp-json\/wp\/v2\/categories?post=99222"},{"taxonomy":"post_tag","embeddable":true,"href":"https:\/\/plazajuarez.mx\/historico\/wp-json\/wp\/v2\/tags?post=99222"}],"curies":[{"name":"wp","href":"https:\/\/api.w.org\/{rel}","templated":true}]}}