{"id":99216,"date":"2020-02-13T12:27:23","date_gmt":"2020-02-13T12:27:23","guid":{"rendered":"http:\/\/plazajuarez.mx\/index\/index.php\/2020\/02\/13\/dese-por-enterado-686\/"},"modified":"2020-04-14T18:58:33","modified_gmt":"2020-04-14T18:58:33","slug":"dese-por-enterado-686","status":"publish","type":"post","link":"https:\/\/plazajuarez.mx\/historico\/dese-por-enterado-686\/","title":{"rendered":"DESE POR ENTERADO"},"content":{"rendered":"<p>\u00bfA MEDIANOCHE UNA COALICI\u00d3N?.- Bajo las sombras de la noche y como para que nadie los viera, ayer, casi a la medianoche se corri\u00f3 la versi\u00f3n de que se registrar\u00eda una Coalici\u00f3n de todos colores y sabores ante el Instituto Estatal Electoral rumbo a los comicios municipales.<\/p>\n<p>  <!--more-->  <\/p>\n<p>Fue tal el hermetismo del asunto que nos quedamos con las ganas de darle a conocer lo sucedido, pero apenas se quiten capuchas le daremos a conocer detalles. Lo cierto es que no deja de sorprender que el aceite y el agua se mezclen. Todo sea por la obsesi\u00f3n del poder.<\/p>\n<p>\u00a0\u00a0 \u00a0\u00a0\u00a0 \u00a0\u00a0\u00a0 \u00a0\u00a0\u00a0 \u00a0\u00a0\u00a0 \u00a0***<\/p>\n<p>ACTIVA UAEH PROTOCOLO POR DESAPARICI\u00d3N DE ALUMNA.- A finales del mes pasado, luego de las protestas vertidas por alumnas de la Universidad Aut\u00f3noma del Estado de Hidalgo, por acoso y hostigamiento, el rector Pontigo Loyola, asegur\u00f3 que la instituci\u00f3n siempre atiende esas quejas a trav\u00e9s de la Defensor\u00eda Universitaria. El hecho fue incluso calificado por algunos integrantes del Grupo Universidad, como parte de una campa\u00f1a orquestada en su contra. Sin embargo ayer finalmente fue activado el Protocolo de Atenci\u00f3n y Emergencia, al reportarse la desaparici\u00f3n de una alumna de la Preparatoria 4. Se antoja que la primera reacci\u00f3n del rector fue a la defensiva, y esta \u00faltima acertada. No hay por qu\u00e9 ocultar problemas cuando existen, y por el contrario encararlos de manera directa y con todo lo que se tenga a la mano. <\/p>\n<p>\u00a0\u00a0 \u00a0\u00a0\u00a0 \u00a0\u00a0\u00a0 \u00a0\u00a0\u00a0 \u00a0\u00a0\u00a0 \u00a0***<\/p>\n<p>\u00a1FELICIDADES VERO MONROY!.- Hoy nuestra compa\u00f1era corresponsal en la regi\u00f3n de Tula, Ver\u00f3nica Monroy, recibir\u00e1 un reconocimiento en el marco de la Tercera Semana de Periodismo, Hidalgo 2020, por su cobertura de los lamentables hechos registrados en Tlahuelilpan. Celebramos a Vero no solo por su excelente trabajo en la tragedia citada, sino por toda su tarea honesta y entregada para hacernos llegar los sucesos que d\u00eda a d\u00eda se presentan en toda la regi\u00f3n Tula-Tepeji. Mujer esforzada, Licenciada en Periodismo, es uno de nuestros orgullos. \u00a1Felicidades Vero!<\/p>\n<p>\u00a0\u00a0 \u00a0\u00a0\u00a0 \u00a0\u00a0\u00a0 \u00a0\u00a0\u00a0 \u00a0\u00a0\u00a0 \u00a0***<\/p>\n<p>ABRAZO PARA DON ANSELMO ESTRADA.- Con toda seguridad maestro de muchas generaciones de periodistas, conocedor a fondeo del buen manejo del lenguaje, don Anselmo Estrada Alburquerque se encuentra delicado de salud, raz\u00f3n por la que no pudo acudir a recibir un merecido reconocimiento por parte del gremio period\u00edstico de Hidalgo. Pocos han marcado la vida y destino de los que se dedican al ejercicio del periodismo en la entidad. Siempre dispuesto a compartir sus conocimientos, ha sido maestro en todo el sentido de la palabra. Vaya nuestro deseo de pronta recuperaci\u00f3n.<\/p>\n<p>\u00a0\u00a0 \u00a0\u00a0\u00a0 \u00a0\u00a0\u00a0 \u00a0\u00a0\u00a0 \u00a0\u00a0\u00a0 \u00a0***<\/p>\n<p>ALFREDO RIVERA, UNA CONFERENCIA ESPERADA.- Personaje importante en el trabajo de una generaci\u00f3n ahora ya madura, por no decir vieja, de periodistas en la entidad, Alfredo Rivera Flores, impuls\u00f3 proyectos vitales en materia period\u00edstica como fue la revista \u201cLa Calle\u201d, el diario \u201cVisor\u201d, entre otros. Una de sus obras centrales fue la edici\u00f3n del libro donde dio cuenta del origen y presente del Grupo Universidad, por el que tuvo que vivir un calvario luego de una demanda que busc\u00f3 a toda costa hacerle la vida de cuadritos. Rivera Flores, amigo entra\u00f1able del maestro Miguel \u00c1ngel Granados Chapa, regresa a su tierra natal para hablar sobre ese viacrucis ma\u00f1ana a las 11 de la ma\u00f1ana en el vest\u00edbulo del Teatro Gota de Plata. <\/p>\n<p>\u00a0\u00a0 \u00a0\u00a0\u00a0 \u00a0\u00a0\u00a0 \u00a0\u00a0\u00a0 \u00a0\u00a0\u00a0 \u00a0***<\/p>\n<p>Aviso para que no digan: Esta columna se nutre de comentarios recabados en agencias del Recontra-Espionaje, muy similares a las que populariz\u00f3 el \u201cS\u00faper Agente 86\u201d en sus tiempos. Como tal, usted est\u00e1 en libertad de creer o no lo que lee, recontra-enojarse, recontra-carcajearse y hasta recontra-recordarnos a nuestra jefecita (nosotros recontra-hacemos lo propio). Avisado est\u00e1 usted.<\/p>\n<p>Dudas y comentarios:<br \/>desexenterado@gmail.com<br \/>@desexenterado<\/p>\n<p>\u00a0\u00a0 \u00a0<\/p>\n","protected":false},"excerpt":{"rendered":"<p>\u00bfA MEDIANOCHE UNA COALICI\u00d3N?.- Bajo las sombras de la noche y como para que nadie los viera, ayer, casi a la medianoche se corri\u00f3 la versi\u00f3n de que se registrar\u00eda una Coalici\u00f3n de todos colores y sabores ante el Instituto Estatal Electoral rumbo a los comicios municipales.<\/p>\n","protected":false},"author":93,"featured_media":0,"comment_status":"open","ping_status":"open","sticky":false,"template":"","format":"standard","meta":{"footnotes":""},"categories":[83,42],"tags":[66],"class_list":["post-99216","post","type-post","status-publish","format-standard","hentry","category-dese-por-enterado","category-nuestrapalabra","tag-dese"],"_links":{"self":[{"href":"https:\/\/plazajuarez.mx\/historico\/wp-json\/wp\/v2\/posts\/99216","targetHints":{"allow":["GET"]}}],"collection":[{"href":"https:\/\/plazajuarez.mx\/historico\/wp-json\/wp\/v2\/posts"}],"about":[{"href":"https:\/\/plazajuarez.mx\/historico\/wp-json\/wp\/v2\/types\/post"}],"author":[{"embeddable":true,"href":"https:\/\/plazajuarez.mx\/historico\/wp-json\/wp\/v2\/users\/93"}],"replies":[{"embeddable":true,"href":"https:\/\/plazajuarez.mx\/historico\/wp-json\/wp\/v2\/comments?post=99216"}],"version-history":[{"count":0,"href":"https:\/\/plazajuarez.mx\/historico\/wp-json\/wp\/v2\/posts\/99216\/revisions"}],"wp:attachment":[{"href":"https:\/\/plazajuarez.mx\/historico\/wp-json\/wp\/v2\/media?parent=99216"}],"wp:term":[{"taxonomy":"category","embeddable":true,"href":"https:\/\/plazajuarez.mx\/historico\/wp-json\/wp\/v2\/categories?post=99216"},{"taxonomy":"post_tag","embeddable":true,"href":"https:\/\/plazajuarez.mx\/historico\/wp-json\/wp\/v2\/tags?post=99216"}],"curies":[{"name":"wp","href":"https:\/\/api.w.org\/{rel}","templated":true}]}}