{"id":99110,"date":"2020-02-12T15:05:38","date_gmt":"2020-02-12T15:05:38","guid":{"rendered":"http:\/\/plazajuarez.mx\/index\/index.php\/2020\/02\/12\/dese-por-enterado-685\/"},"modified":"2020-04-14T18:58:33","modified_gmt":"2020-04-14T18:58:33","slug":"dese-por-enterado-685","status":"publish","type":"post","link":"https:\/\/plazajuarez.mx\/historico\/dese-por-enterado-685\/","title":{"rendered":"DESE POR ENTERADO"},"content":{"rendered":"<p>A FIEBRE DE LOS INDEPENDIENTES.- Independientes as\u00ed que digan qu\u00e9 independientes, pues no tanto. Parece que la palabra en Hidalgo significa todo lo contrario, pero llama poderosamente la atenci\u00f3n que sean tantos los que de pronto se despertaron con la idea de que el municipio por donde pretenden ser abanderados estaba urgido de su presencia.<\/p>\n<p>  <!--more-->  <\/p>\n<p>Intentemos no ser mal pensados y aceptemos que efectivamente son bien independientes, que nadie busca el poder a trav\u00e9s de sus personas. Intentemos pensar que por fin arribamos a una mayor\u00eda de edad en esas lides\u2026 pero no, la realidad siempre es otra, adem\u00e1s de que a\u00fan est\u00e1n en la memoria los \u201cremedos\u201d de independientes que se presentaron en la pasada contienda.<\/p>\n<p>\u00a0\u00a0 \u00a0\u00a0\u00a0 \u00a0\u00a0\u00a0 \u00a0\u00a0\u00a0 \u00a0\u00a0\u00a0 \u00a0***<\/p>\n<p>YOLI TELLER\u00cdA, EL INFIERNO DE TODOS TAN TEMIDO.- Siempre insistiremos que la presidenta municipal de Pachuca, Yolanda Teller\u00eda, ten\u00eda todo para ser una alcaldesa de excepci\u00f3n. Mujer paciente y tolerante, es un tipo de pol\u00edtica que llam\u00f3 la atenci\u00f3n por esa vocaci\u00f3n para el di\u00e1logo y la b\u00fasqueda de consensos. Sin duda la imagen de su hermano, Jos\u00e9 Antonio, hizo albergar grandes esperanzas de lo que ser\u00eda su gesti\u00f3n. Hoy vive una de las crisis m\u00e1s dif\u00edciles que no se le desean a nadie con el asunto de la basura, por la sencilla raz\u00f3n de que la afectaci\u00f3n es directa a los ciudadanos. En las postrimer\u00edas de su mandato, la presidenta municipal ha sabido dar la cara en estos momentos complicados. Eso es bueno. Pero, y valga la insistencia, buena parte de las confrontaciones que ha tenido que padecer no fueron de su responsabilidad, como no sea por omisi\u00f3n, sino de un personaje cercano a ella que decidi\u00f3 imponer su muy particular agenda de peleas al por mayor. Ni hablar.<\/p>\n<p>\u00a0\u00a0 \u00a0\u00a0\u00a0 \u00a0\u00a0\u00a0 \u00a0\u00a0\u00a0 \u00a0\u00a0\u00a0 \u00a0***<\/p>\n<p>ALFREDO RIVERA FLORES.- A la luz de estos tiempos es digno de reconocimiento el trabajo de Alfredo, porque no es f\u00e1cil hacer lo que hizo: escribir un libro y publicarlo sobre uno de los grupos pol\u00edticos m\u00e1s temibles en territorio hidalguense. El viacrucis al que fue sujeto luego de ser demandado por da\u00f1o moral, ser\u00e1 contado el pr\u00f3ximo viernes a las 10:30 de la ma\u00f1ana en el vest\u00edbulo del auditorio Gota de Plata, dentro de la Tercera Semana del Periodismo, Hidalgo 2020. \u201cHistoria de la condena de un libro. La Sosa Nostra\u201d, se denomina la conferencia que impartir\u00e1 Rivera Flores. Por muchas razones se trata de un evento imperdible.<\/p>\n<p>\u00a0\u00a0 \u00a0\u00a0\u00a0 \u00a0\u00a0\u00a0 \u00a0\u00a0\u00a0 \u00a0\u00a0\u00a0 \u00a0***<\/p>\n<p>PRI, TODAV\u00cdA NO DECIDE QUI\u00c9N POR PACHUCA.- Con todo y que los signos indican que Benjam\u00edn Rico Moreno est\u00e1 pr\u00e1cticamente amarrado para ser candidato tricolor por Pachuca, la realidad es que todav\u00eda se estudian otras posibilidades, entre las que destaca que sea un personaje de la sociedad civil quien finalmente encabece los esfuerzos del PRI para recuperar la capital hidalguense. Ya queda poco tiempo para que los pri\u00edstas decidan con qui\u00e9n ir\u00e1n, pero el asunto es que agotar\u00e1n los tiempos hasta encontrar una opci\u00f3n que no los ponga en riesgos ante el abanderado de Morena, que un d\u00eda es uno, y al otro ya cambi\u00f3. Por lo mientras Benjam\u00edn lleva ventaja.<\/p>\n<p>\u00a0\u00a0 \u00a0\u00a0\u00a0 \u00a0\u00a0\u00a0 \u00a0\u00a0\u00a0 \u00a0\u00a0\u00a0 \u00a0***<\/p>\n<p>Aviso para que no digan: Esa columna se nutre de comentarios recabados en agencias del Recontra-Espionaje, muy similares a las que populariz\u00f3 el \u201cS\u00faper Agente 86\u201d en sus tiempos. Como tal, usted est\u00e1 en libertad de creer o no lo que lee, recontra-enojarse, recontra-carcajearse y hasta recontra-recordarnos a nuestra jefecita (nosotros recontra-hacemos lo propio). Avisado est\u00e1 usted.<\/p>\n<p>Dudas y comentarios:<br \/>desexenterado@gmail.com<br \/>@desexenterado<\/p>\n","protected":false},"excerpt":{"rendered":"<p>A FIEBRE DE LOS INDEPENDIENTES.- Independientes as\u00ed que digan qu\u00e9 independientes, pues no tanto. Parece que la palabra en Hidalgo significa todo lo contrario, pero llama poderosamente la atenci\u00f3n que sean tantos los que de pronto se despertaron con la idea de que el municipio por donde pretenden ser abanderados estaba urgido de su presencia.<\/p>\n","protected":false},"author":93,"featured_media":0,"comment_status":"open","ping_status":"open","sticky":false,"template":"","format":"standard","meta":{"footnotes":""},"categories":[83,42],"tags":[66],"class_list":["post-99110","post","type-post","status-publish","format-standard","hentry","category-dese-por-enterado","category-nuestrapalabra","tag-dese"],"_links":{"self":[{"href":"https:\/\/plazajuarez.mx\/historico\/wp-json\/wp\/v2\/posts\/99110","targetHints":{"allow":["GET"]}}],"collection":[{"href":"https:\/\/plazajuarez.mx\/historico\/wp-json\/wp\/v2\/posts"}],"about":[{"href":"https:\/\/plazajuarez.mx\/historico\/wp-json\/wp\/v2\/types\/post"}],"author":[{"embeddable":true,"href":"https:\/\/plazajuarez.mx\/historico\/wp-json\/wp\/v2\/users\/93"}],"replies":[{"embeddable":true,"href":"https:\/\/plazajuarez.mx\/historico\/wp-json\/wp\/v2\/comments?post=99110"}],"version-history":[{"count":0,"href":"https:\/\/plazajuarez.mx\/historico\/wp-json\/wp\/v2\/posts\/99110\/revisions"}],"wp:attachment":[{"href":"https:\/\/plazajuarez.mx\/historico\/wp-json\/wp\/v2\/media?parent=99110"}],"wp:term":[{"taxonomy":"category","embeddable":true,"href":"https:\/\/plazajuarez.mx\/historico\/wp-json\/wp\/v2\/categories?post=99110"},{"taxonomy":"post_tag","embeddable":true,"href":"https:\/\/plazajuarez.mx\/historico\/wp-json\/wp\/v2\/tags?post=99110"}],"curies":[{"name":"wp","href":"https:\/\/api.w.org\/{rel}","templated":true}]}}