{"id":99066,"date":"2020-02-11T12:25:53","date_gmt":"2020-02-11T12:25:53","guid":{"rendered":"http:\/\/plazajuarez.mx\/index\/index.php\/2020\/02\/11\/brizio-da-la-cara-y-explica-la-crisis-arbitral\/"},"modified":"2020-02-11T12:25:53","modified_gmt":"2020-02-11T12:25:53","slug":"brizio-da-la-cara-y-explica-la-crisis-arbitral","status":"publish","type":"post","link":"https:\/\/plazajuarez.mx\/historico\/brizio-da-la-cara-y-explica-la-crisis-arbitral\/","title":{"rendered":"Brizio da la cara y explica la crisis arbitral"},"content":{"rendered":"<p>#EL FONDO DEL MEOLLO <br \/>\u00a0\u00a0\u00a0 \u2022\u00a0\u00a0 \u00a0El central \u00d3scar Mej\u00eda invent\u00f3, no puede definirse de otra manera, ya que al ir a revisar la jugada al monitor, no s\u00e9 de d\u00f3nde sali\u00f3 que la falta se dio fuera del \u00e1rea y no dentro, quitando un penalti al Le\u00f3n\u2028<\/p>\n<p>  <!--more-->  <\/p>\n<p>\u00bfEn qu\u00e9 cabeza cabe ordenar que se vaya a revisar una jugada de falta ya marcada por el \u00e1rbitro central como penalti y cambiar dram\u00e1ticamente la decisi\u00f3n? En la del \u00e1rbitro VAR Carlos Ayala, quien estuvo en el partido Le\u00f3n vs Monterrey, y el rid\u00edculo fue monumental.<br \/>El central \u00d3scar Mej\u00eda invent\u00f3, no puede definirse de otra manera, ya que al ir a revisar la jugada al monitor, no s\u00e9 de d\u00f3nde sali\u00f3 que la falta se dio fuera del \u00e1rea y no dentro, quitando un penalti al Le\u00f3n, algo que injustamente sucedi\u00f3. Desde mi perspectiva, la falta es dentro del \u00e1rea, aunque existe la posibilidad de que haya sido fuera.<br \/>El problema radica en que no existe una toma que lo aclare, porque todo tiene que ver con la producci\u00f3n de cada partido. Hay algunos en los que hay much\u00edsimas c\u00e1maras que permiten ver todos los \u00e1ngulos posibles, como en el Cruz Azul vs. Pachuca, pero en Le\u00f3n no fue as\u00ed.<br \/>Sin embargo, esto parece no afectar en el arbitraje mexicano. Ayer, en el programa de TV Azteca Marcaje Personal tuvimos de invitado a Arturo Brizio, quien aclar\u00f3: &#8220;Empezamos muy exquisitos. Tenemos que encontrar el punto medio, donde el VAR no parezca que dirige; la decisi\u00f3n final es del \u00e1rbitro. No podemos llamar al \u00e1rbitro s\u00f3lo por nimiedades&#8221;.<br \/>Incluso, reconoci\u00f3 que el uso del videoarbitraje es demasiado, sobre todo porque no se emplea de la manera que es adecuada: &#8220;Se est\u00e1 cayendo en un exceso. El tema fundamental es la presi\u00f3n a la que estamos sometidos. A algunos les gusta trabajar bajo presi\u00f3n. Hay que encontrarle el modo a esa peque\u00f1a l\u00ednea que existe en intervenir para ayudar al \u00e1rbitro&#8221;.<br \/>La crisis del arbitraje debe reconocerse, no seguir escondiendo la realidad y mucho menos seguir sin aceptar los errores, como si nada pasara y como si fueran inventos de los medios de comunicaci\u00f3n la p\u00e9sima marcaci\u00f3n que se da en la mayor\u00eda de los partidos de la Liga MX.<br \/>Claro que ellos tienen un sistema de calificaci\u00f3n al \u00e1rbitro que sesga la realidad; no aceptan nada, como si estuviera prohibido plasmar la realidad en dichos reportes.<br \/>Por eso, es importante que el presidente de la Comisi\u00f3n de \u00c1rbitros acuda a los estadios, trabaje m\u00e1s en la operaci\u00f3n, que se d\u00e9 cuenta del entorno en el que est\u00e1n metidos sus silbantes, no solamente recibiendo reportes, actitud de alta burocracia y nula disposici\u00f3n a mejorar su Comisi\u00f3n.<br \/>&#8220;Si los [ex\u00e1rbitros] consagrados retirados vienen a tocar la puerta, los recibimos encantados de la vida&#8221;, dijo Brizio, sobre la falta de capacidad con los del VAR. &#8220;Todos hicieron el curso&#8221;.<br \/>No es lo mismo ver a un \u00e1rbitro y al VAR en acci\u00f3n en el lugar de los hechos, que recibir c\u00f3modamente un papel en tu oficina con una calificaci\u00f3n al silbante, la mayor\u00eda de \u00e9stas basadas en el criterio de quien la elabora.<br \/>Tuve la oportunidad de ver el reporte del partido San Luis vs Chivas y nunca aceptan qui\u00e9n lo hace, porque en las dos faltas se\u00f1aladas como penalti, la del segundo a Guadalajara y la de San Luis, no existi\u00f3 infracci\u00f3n y el \u00e1rbitro Fernando Guerrero se equivoc\u00f3. As\u00ed como que vean la realidad, es imposible<\/p>\n","protected":false},"excerpt":{"rendered":"<p>#EL FONDO DEL MEOLLO \u00a0\u00a0\u00a0 \u2022\u00a0\u00a0 \u00a0El central \u00d3scar Mej\u00eda invent\u00f3, no puede definirse de otra manera, ya que al ir a revisar la jugada al monitor, no s\u00e9 de d\u00f3nde sali\u00f3 que la falta se dio fuera del \u00e1rea y no dentro, quitando un penalti al Le\u00f3n\u2028<\/p>\n","protected":false},"author":93,"featured_media":0,"comment_status":"open","ping_status":"open","sticky":false,"template":"","format":"standard","meta":{"footnotes":""},"categories":[39],"tags":[],"class_list":["post-99066","post","type-post","status-publish","format-standard","hentry","category-deportiva"],"_links":{"self":[{"href":"https:\/\/plazajuarez.mx\/historico\/wp-json\/wp\/v2\/posts\/99066","targetHints":{"allow":["GET"]}}],"collection":[{"href":"https:\/\/plazajuarez.mx\/historico\/wp-json\/wp\/v2\/posts"}],"about":[{"href":"https:\/\/plazajuarez.mx\/historico\/wp-json\/wp\/v2\/types\/post"}],"author":[{"embeddable":true,"href":"https:\/\/plazajuarez.mx\/historico\/wp-json\/wp\/v2\/users\/93"}],"replies":[{"embeddable":true,"href":"https:\/\/plazajuarez.mx\/historico\/wp-json\/wp\/v2\/comments?post=99066"}],"version-history":[{"count":0,"href":"https:\/\/plazajuarez.mx\/historico\/wp-json\/wp\/v2\/posts\/99066\/revisions"}],"wp:attachment":[{"href":"https:\/\/plazajuarez.mx\/historico\/wp-json\/wp\/v2\/media?parent=99066"}],"wp:term":[{"taxonomy":"category","embeddable":true,"href":"https:\/\/plazajuarez.mx\/historico\/wp-json\/wp\/v2\/categories?post=99066"},{"taxonomy":"post_tag","embeddable":true,"href":"https:\/\/plazajuarez.mx\/historico\/wp-json\/wp\/v2\/tags?post=99066"}],"curies":[{"name":"wp","href":"https:\/\/api.w.org\/{rel}","templated":true}]}}