{"id":99064,"date":"2020-02-11T12:25:53","date_gmt":"2020-02-11T12:25:53","guid":{"rendered":"http:\/\/plazajuarez.mx\/index\/index.php\/2020\/02\/11\/realizaran-campana-bodas-colectivas-2020\/"},"modified":"2020-02-11T12:25:53","modified_gmt":"2020-02-11T12:25:53","slug":"realizaran-campana-bodas-colectivas-2020","status":"publish","type":"post","link":"https:\/\/plazajuarez.mx\/historico\/realizaran-campana-bodas-colectivas-2020\/","title":{"rendered":"Realizar\u00e1n campa\u00f1a Bodas Colectivas 2020"},"content":{"rendered":"<p>\u00a0\u00a0\u00a0 \u2022\u00a0\u00a0 \u00a0Jueves, \u00faltimo d\u00eda para recepci\u00f3n de documentos e inscripci\u00f3n de parejas\u00a0\u2028<br \/>La ceremonia de enlace civil ser\u00e1 el viernes 14 de febrero a partir de las 18:00 horas en el jard\u00edn La Floresta <\/p>\n<p>  <!--more-->  <\/p>\n<p>Jorge Jim\u00e9nez M\u00e9ndez, oficial del Registro del Estado Familiar inform\u00f3 que este jueves 13 de febrero ser\u00e1 el \u00faltimo d\u00eda para que parejas de la regi\u00f3n puedan inscribirse a la Campa\u00f1a de Bodas Colectivas 2020, que organizan conjuntamente el Gobierno Municipal y el Sistema DIF Tulancingo.<br \/>El funcionario municipal dijo que ha prevalecido mayor inter\u00e9s en contrayentes de 18 y hasta 55 a\u00f1os sin embargo el beneficio aplica para los ciudadanos mayores de edad que cumplan con sencillos requisitos como: acta de nacimiento, identificaci\u00f3n oficial, CURP y ex\u00e1menes prenupciales en instituci\u00f3n p\u00fablica.<br \/>La ceremonia de enlaces civiles se realizar\u00e1 el viernes 14 de febrero a partir de las 18:00 horas en Jard\u00edn La Floresta y en el evento se tienen reservadas diversas sorpresas como la rifa de un viaje a M\u00e9rida Yucat\u00e1n.<br \/>Por instrucciones del alcalde, Fernando P\u00e9rez Rodr\u00edguez, hay muchas facilidades para que las parejas se acerquen y de esta manera puedan obtener certeza jur\u00eddica a trav\u00e9s de la legalizaci\u00f3n de su uni\u00f3n.<br \/>La documentaci\u00f3n ya se\u00f1alada es recibida en el Registro del Estado Familiar, ubicado en primer piso de la Presidencia Municipal, con un horario de 8:30 a 16:00 horas.<br \/>En m\u00e1s sorpresas de esta ceremonia de bodas colectivas, se realizar\u00e1 un concierto gratuito con la agrupaci\u00f3n 40 Reasons, quienes se presentar\u00e1n con \u00e9xitos de los ochenta, deleitando a toda la ciudadan\u00eda que se d\u00e9 cita en el coraz\u00f3n de la ciudad de Tulancingo.<\/p>\n","protected":false},"excerpt":{"rendered":"<p>\u00a0\u00a0\u00a0 \u2022\u00a0\u00a0 \u00a0Jueves, \u00faltimo d\u00eda para recepci\u00f3n de documentos e inscripci\u00f3n de parejas\u00a0\u2028La ceremonia de enlace civil ser\u00e1 el viernes 14 de febrero a partir de las 18:00 horas en el jard\u00edn La Floresta<\/p>\n","protected":false},"author":93,"featured_media":0,"comment_status":"open","ping_status":"open","sticky":false,"template":"","format":"standard","meta":{"footnotes":""},"categories":[40],"tags":[],"class_list":["post-99064","post","type-post","status-publish","format-standard","hentry","category-region"],"_links":{"self":[{"href":"https:\/\/plazajuarez.mx\/historico\/wp-json\/wp\/v2\/posts\/99064","targetHints":{"allow":["GET"]}}],"collection":[{"href":"https:\/\/plazajuarez.mx\/historico\/wp-json\/wp\/v2\/posts"}],"about":[{"href":"https:\/\/plazajuarez.mx\/historico\/wp-json\/wp\/v2\/types\/post"}],"author":[{"embeddable":true,"href":"https:\/\/plazajuarez.mx\/historico\/wp-json\/wp\/v2\/users\/93"}],"replies":[{"embeddable":true,"href":"https:\/\/plazajuarez.mx\/historico\/wp-json\/wp\/v2\/comments?post=99064"}],"version-history":[{"count":0,"href":"https:\/\/plazajuarez.mx\/historico\/wp-json\/wp\/v2\/posts\/99064\/revisions"}],"wp:attachment":[{"href":"https:\/\/plazajuarez.mx\/historico\/wp-json\/wp\/v2\/media?parent=99064"}],"wp:term":[{"taxonomy":"category","embeddable":true,"href":"https:\/\/plazajuarez.mx\/historico\/wp-json\/wp\/v2\/categories?post=99064"},{"taxonomy":"post_tag","embeddable":true,"href":"https:\/\/plazajuarez.mx\/historico\/wp-json\/wp\/v2\/tags?post=99064"}],"curies":[{"name":"wp","href":"https:\/\/api.w.org\/{rel}","templated":true}]}}