{"id":99063,"date":"2020-02-11T12:25:53","date_gmt":"2020-02-11T12:25:53","guid":{"rendered":"http:\/\/plazajuarez.mx\/index\/index.php\/2020\/02\/11\/ismael-gadoth-se-descarta-para-la-reeleccion\/"},"modified":"2020-02-11T12:25:53","modified_gmt":"2020-02-11T12:25:53","slug":"ismael-gadoth-se-descarta-para-la-reeleccion","status":"publish","type":"post","link":"https:\/\/plazajuarez.mx\/historico\/ismael-gadoth-se-descarta-para-la-reeleccion\/","title":{"rendered":"Ismael Gadoth se descarta para la reelecci\u00f3n"},"content":{"rendered":"<p>\u00a0\u00a0\u00a0 \u2022\u00a0\u00a0 \u00a0Alcalde dice que no piensa reelegirse, a pesar de que ahora ya es contemplado por la Ley Electoral\u2028<br \/>\u201cHice un compromiso con los ciudadanos de gobernar durante cuatro a\u00f1os\u201d<\/p>\n<p>  <!--more-->  <\/p>\n<p>El alcalde Ismael Gadoth Tapia Ben\u00edtez, se descart\u00f3 para la reelecci\u00f3n como presidente municipal, no obstante que ahora lo contempla la Ley Electoral, dijo que \u00e9l hizo un compromiso con los ciudadanos de gobernar durante cuatro a\u00f1os, \u201cno tengo ning\u00fan inter\u00e9s, m\u00e1s que el de entregar los mejores resultados con finanzas sanas\u201d.<br \/>Record\u00f3 que tom\u00f3 protesta el 5 de septiembre del 2016 y estar\u00e1 entregando el 4 de septiembre del 2020 a las 23:59 horas y que lo m\u00e1s sano para una administraci\u00f3n y un municipio tan din\u00e1mico como lo es Tula, es dar oportunidad a otras personas.<br \/>\u201cBuscar\u00e9 ir creciendo en cualquier otra trinchera ya sea en la iniciativa privada o en el sector p\u00fablico, seguir\u00e9 aport\u00e1ndole a mi municipio con mucha voluntad\u00a0 y disposici\u00f3n\u201d.<br \/>Puntualiz\u00f3 que si bien le gusta el servicio p\u00fablico y est\u00e1 contento con lo que viene haciendo no tiene inter\u00e9s de buscar la reelecci\u00f3n.<br \/>Agreg\u00f3 que en las responsabilidades que ha tenido como regidor, diputado, secretario municipal y ahora como alcalde ha aportado lo mejor de s\u00ed y que en este momento est\u00e1 enfocado a cerrar de la mejor manera la administraci\u00f3n, cumpliendo con la entrega recepci\u00f3n, \u201centregarla en buenas condiciones dejando finanzas estables, no dejando pasivos como los que le heredaron y que afectaron el erario y que hoy est\u00e1n pr\u00e1cticamente solventados para permitirles a los siguientes gobiernos tener mayor recurso\u201d.<br \/>Sobre el perfil del candidato que tendr\u00e1 que buscar su partido, el PRI, se limit\u00f3 a decir que tendr\u00e1 que ser una persona honesta, trabajadora, que tenga voluntad, visi\u00f3n y disposici\u00f3n para escuchar a los diferentes sectores, pero sobre todo hablarles con la verdad y no hacer falsas promesas. No politizar en temas como seguridad p\u00fablica, as\u00ed como el fortalecimiento en el empleo al ser fundamental y que para eso debe tener comunicaci\u00f3n entre los tres \u00f3rdenes de gobierno, \u201cese es el perfil que debe tener la mujer o el hombre que vaya a representar los destinos del municipio\u201d.<br \/>Por \u00faltimo, en lo que se refiere a la renuncia al PRI del ex secretario general municipal de su gobierno, Octavio Maga\u00f1a Soto, dijo que merece su respeto y conocimiento por el trabajo que hizo en su momento por su partido. <\/p>\n","protected":false},"excerpt":{"rendered":"<p>\u00a0\u00a0\u00a0 \u2022\u00a0\u00a0 \u00a0Alcalde dice que no piensa reelegirse, a pesar de que ahora ya es contemplado por la Ley Electoral\u2028\u201cHice un compromiso con los ciudadanos de gobernar durante cuatro a\u00f1os\u201d<\/p>\n","protected":false},"author":93,"featured_media":0,"comment_status":"open","ping_status":"open","sticky":false,"template":"","format":"standard","meta":{"footnotes":""},"categories":[40],"tags":[],"class_list":["post-99063","post","type-post","status-publish","format-standard","hentry","category-region"],"_links":{"self":[{"href":"https:\/\/plazajuarez.mx\/historico\/wp-json\/wp\/v2\/posts\/99063","targetHints":{"allow":["GET"]}}],"collection":[{"href":"https:\/\/plazajuarez.mx\/historico\/wp-json\/wp\/v2\/posts"}],"about":[{"href":"https:\/\/plazajuarez.mx\/historico\/wp-json\/wp\/v2\/types\/post"}],"author":[{"embeddable":true,"href":"https:\/\/plazajuarez.mx\/historico\/wp-json\/wp\/v2\/users\/93"}],"replies":[{"embeddable":true,"href":"https:\/\/plazajuarez.mx\/historico\/wp-json\/wp\/v2\/comments?post=99063"}],"version-history":[{"count":0,"href":"https:\/\/plazajuarez.mx\/historico\/wp-json\/wp\/v2\/posts\/99063\/revisions"}],"wp:attachment":[{"href":"https:\/\/plazajuarez.mx\/historico\/wp-json\/wp\/v2\/media?parent=99063"}],"wp:term":[{"taxonomy":"category","embeddable":true,"href":"https:\/\/plazajuarez.mx\/historico\/wp-json\/wp\/v2\/categories?post=99063"},{"taxonomy":"post_tag","embeddable":true,"href":"https:\/\/plazajuarez.mx\/historico\/wp-json\/wp\/v2\/tags?post=99063"}],"curies":[{"name":"wp","href":"https:\/\/api.w.org\/{rel}","templated":true}]}}