{"id":99056,"date":"2020-02-11T12:25:52","date_gmt":"2020-02-11T12:25:52","guid":{"rendered":"http:\/\/plazajuarez.mx\/index\/index.php\/2020\/02\/11\/gobierno-federal-ve-avances-de-reforma-laboral-en-hidalgo\/"},"modified":"2020-02-11T12:25:52","modified_gmt":"2020-02-11T12:25:52","slug":"gobierno-federal-ve-avances-de-reforma-laboral-en-hidalgo","status":"publish","type":"post","link":"https:\/\/plazajuarez.mx\/historico\/gobierno-federal-ve-avances-de-reforma-laboral-en-hidalgo\/","title":{"rendered":"Gobierno Federal ve avances de Reforma Laboral en Hidalgo"},"content":{"rendered":"<p>\u00a0\u00a0 \u2022\u00a0\u00a0 \u00a0Ofrece STPSH acompa\u00f1amiento a gobiernos estatales que no han cumplido sus metas en la materia\u2028<\/p>\n<p>  <!--more-->  <\/p>\n<p>Durante una reuni\u00f3n nacional de la Secretar\u00eda del Trabajo y Previsi\u00f3n Social federal (STPS), la titular de esta dependencia, Luisa Mar\u00eda Alcalde Luj\u00e1n, reconoci\u00f3 el trabajo del gobierno de Hidalgo para lograr los avances en cuanto a la implementaci\u00f3n de la Reforma Laboral, y en donde puso de manifiesto que esta entidad es ejemplo del cumplimiento de la armonizaci\u00f3n legislativa para este objetivo. <br \/>\u00a0\u00a0 \u00a0Sobre este tema, la titular de la Secretar\u00eda del Trabajo y Previsi\u00f3n Social\u00a0 de Hidalgo (STPSH), Mar\u00eda de los \u00c1ngeles Eguiluz Tapia, expres\u00f3 que dentro del gobierno estatal existe el inter\u00e9s para que el estado siga siendo referente en la implementaci\u00f3n de esta reforma, por lo que coment\u00f3 que se sigue trabajando en diferentes acciones, como en la conformaci\u00f3n de la Junta de Gobierno del Centro de Conciliaci\u00f3n Laboral del estado. <br \/>\u00a0\u00a0 \u00a0Declar\u00f3 que este tipo de esfuerzos no solo sirven para dar cumplimiento con los plazos establecidos en el plan nacional para los cambios en el Sistema de Justicia Laboral, sino que tambi\u00e9n permite acceder al presupuesto federal para la creaci\u00f3n del Centro de Conciliaci\u00f3n Laboral lo antes posible, y con ello seguir dando certeza jur\u00eddica a los trabajadores. <br \/>\u00a0\u00a0 \u00a0Por otro lado, el titular de la Unidad de Enlace de la Reforma al Sistema de Justicia Laboral, Esteban Mart\u00ednez Mej\u00eda, se sum\u00f3 al reconocimiento por parte de Alcalde Luj\u00e1n.<\/p>\n","protected":false},"excerpt":{"rendered":"<p>\u00a0\u00a0 \u2022\u00a0\u00a0 \u00a0Ofrece STPSH acompa\u00f1amiento a gobiernos estatales que no han cumplido sus metas en la materia\u2028<\/p>\n","protected":false},"author":93,"featured_media":0,"comment_status":"open","ping_status":"open","sticky":false,"template":"","format":"standard","meta":{"footnotes":""},"categories":[59],"tags":[],"class_list":["post-99056","post","type-post","status-publish","format-standard","hentry","category-general"],"_links":{"self":[{"href":"https:\/\/plazajuarez.mx\/historico\/wp-json\/wp\/v2\/posts\/99056","targetHints":{"allow":["GET"]}}],"collection":[{"href":"https:\/\/plazajuarez.mx\/historico\/wp-json\/wp\/v2\/posts"}],"about":[{"href":"https:\/\/plazajuarez.mx\/historico\/wp-json\/wp\/v2\/types\/post"}],"author":[{"embeddable":true,"href":"https:\/\/plazajuarez.mx\/historico\/wp-json\/wp\/v2\/users\/93"}],"replies":[{"embeddable":true,"href":"https:\/\/plazajuarez.mx\/historico\/wp-json\/wp\/v2\/comments?post=99056"}],"version-history":[{"count":0,"href":"https:\/\/plazajuarez.mx\/historico\/wp-json\/wp\/v2\/posts\/99056\/revisions"}],"wp:attachment":[{"href":"https:\/\/plazajuarez.mx\/historico\/wp-json\/wp\/v2\/media?parent=99056"}],"wp:term":[{"taxonomy":"category","embeddable":true,"href":"https:\/\/plazajuarez.mx\/historico\/wp-json\/wp\/v2\/categories?post=99056"},{"taxonomy":"post_tag","embeddable":true,"href":"https:\/\/plazajuarez.mx\/historico\/wp-json\/wp\/v2\/tags?post=99056"}],"curies":[{"name":"wp","href":"https:\/\/api.w.org\/{rel}","templated":true}]}}