{"id":98992,"date":"2020-02-10T05:41:12","date_gmt":"2020-02-10T05:41:12","guid":{"rendered":"http:\/\/plazajuarez.mx\/index\/index.php\/2020\/02\/10\/un-hermano-incomodo-en-cada-hijo-te-dio\/"},"modified":"2020-04-14T22:32:32","modified_gmt":"2020-04-14T22:32:32","slug":"un-hermano-incomodo-en-cada-hijo-te-dio","status":"publish","type":"post","link":"https:\/\/plazajuarez.mx\/historico\/un-hermano-incomodo-en-cada-hijo-te-dio\/","title":{"rendered":"\u00a1Un hermano inc\u00f3modo en cada hijo te dio!"},"content":{"rendered":"<p>PULSO DEL MEZQUITAL<\/p>\n<p>  <!--more-->  <\/p>\n<p>En todas las familias tenemos uno, si usted no lo identifica, lo m\u00e1s probable es que usted sea esa oveja negra, el motivo por el que su jefecita a estas alturas del partido hubiera deseado que la ley en favor del aborto hubiese sido posible en sus tiempos. Ni siquiera nuestra cabecita de algod\u00f3n se nos salva, pues aunque usted no lo crea, le sali\u00f3 un brother que se sinti\u00f3 con derechos de sangre y exigi\u00f3 al gobernador de Chihuahua algunos favores; cuando le preguntaron que por qu\u00e9 motivos, en tono fres\u00f3n les respondi\u00f3 tipo \u00a1o sea no sabes qui\u00e9n soy we, o sea no sabes qui\u00e9n es mi bro! Y como en estos menesteres nunca falta un chismoso, el gober le fue con el chisme a AMLOBB, quien le aclar\u00f3 que \u00e9l jam\u00e1s de los jamases le permitir\u00eda a uno de su familia hacer estos desfiguros, menos con alguien de la mafia de poder, o sea del PAN. <br \/>Pero no todos son hojaldras con sus hermanos y ah\u00ed tenemos como ejemplo, al presidente municipal de Ixmiquilpan, Pascual Charrez, que para \u00e9l, su bro es su bro y no lo va a desconocer nom\u00e1s porque a nivel nacional se impulsa esa mal llamada democracia que tanto da\u00f1o le est\u00e1 haciendo a las familias. De por s\u00ed, en estos tiempos se est\u00e1n distanciando las familias por diversos factores, como la migraci\u00f3n, los terrenos de la abuela y los tel\u00e9fonos celulares que cada vez nos hacen m\u00e1s aislados, ahora s\u00famele que la 4T tambi\u00e9n est\u00e1 haciendo lo suyo entre chairos y fif\u00eds, dividi\u00e9ndonos y confront\u00e1ndonos, imag\u00ednese con los familiares, no pues no, es algo que no se debe permitir. <br \/>Si alguien entiende que la pol\u00edtica y la 4T no deben seguir provocando la divisi\u00f3n entre unos y otros, menos entre hermanos, es el alcalde ixmiquilpense, quien ante todo pron\u00f3stico quiere a su hermano a pesar de los dimes y diretes, al grado que lo quiere para presidente municipal. L\u00f3gicamente, los resentidos sociales, esos que seguramente no quieren a sus hermanos, ya pegaron el grito en el cielo por las intenciones del mandam\u00e1s del pueblo por querer heredarle el cargo a su hermano.<br \/>O sea, no aguantan nada, se quejan por peque\u00f1eces, nom\u00e1s porque los hermanos Charrez y compa\u00f1\u00eda, se quieren perpetuar en el poder, una especie de mini monarqu\u00eda H\u00f1ah\u00f1u, que tiene a los ixmiquilpenses con el Jes\u00fas en la boca, por ejecutados, delincuencia organizada, robos, polic\u00edas y funcionarios corruptos, desorden vial, comercio informal desbordado, nimiedades que ni qui\u00e9n deber\u00eda fijarse.<br \/>Hay otros, que los comentarios de la gente se los pasan por el arco del triunfo, les valen tres hect\u00e1reas de verdura lo que hablen de sus carnales, hasta se los llevan de tour y shopping a Europa, c\u00f3mo el presidente de Zimap\u00e1n, Erick Marte Rivera, quien se fue de paseo con su hermano, Alan Rivera a promocionar al municipio. Por cierto, este alcalde, tambi\u00e9n quiere a su hermano como su sucesor en la alcald\u00eda, lo cual ha provocado que los resentidos sociales los empiecen a ver con ojos de pistola. En serio, no puede uno triunfar en la vida, no puede uno tener hermanos pudientes y menos pensar dejarles algo de herencia, ya aunque sea un municipio, porque luego luego salen los resentidazos a hacerla de flatulencia, \u00a1oshs! <\/p>\n<p>En corto: <br \/>*El virtual candidato del PAN-PRD por Ixmiquilpan, Edmundo Ram\u00edrez, organiz\u00f3 una conferencia de prensa el fin de semana, donde se neg\u00f3 a convocar a medios de comunicaci\u00f3n abiertamente.<\/p>\n<p>S\u00edgame en Twitter<br \/>@MarkoCabanas<\/p>\n<p>Mi correo<br \/>markorey2013@gmail.com<\/p>\n","protected":false},"excerpt":{"rendered":"<p>PULSO DEL MEZQUITAL<\/p>\n","protected":false},"author":75,"featured_media":0,"comment_status":"open","ping_status":"open","sticky":false,"template":"","format":"standard","meta":{"footnotes":""},"categories":[87,42],"tags":[],"class_list":["post-98992","post","type-post","status-publish","format-standard","hentry","category-marco-cabanas","category-nuestrapalabra"],"_links":{"self":[{"href":"https:\/\/plazajuarez.mx\/historico\/wp-json\/wp\/v2\/posts\/98992","targetHints":{"allow":["GET"]}}],"collection":[{"href":"https:\/\/plazajuarez.mx\/historico\/wp-json\/wp\/v2\/posts"}],"about":[{"href":"https:\/\/plazajuarez.mx\/historico\/wp-json\/wp\/v2\/types\/post"}],"author":[{"embeddable":true,"href":"https:\/\/plazajuarez.mx\/historico\/wp-json\/wp\/v2\/users\/75"}],"replies":[{"embeddable":true,"href":"https:\/\/plazajuarez.mx\/historico\/wp-json\/wp\/v2\/comments?post=98992"}],"version-history":[{"count":0,"href":"https:\/\/plazajuarez.mx\/historico\/wp-json\/wp\/v2\/posts\/98992\/revisions"}],"wp:attachment":[{"href":"https:\/\/plazajuarez.mx\/historico\/wp-json\/wp\/v2\/media?parent=98992"}],"wp:term":[{"taxonomy":"category","embeddable":true,"href":"https:\/\/plazajuarez.mx\/historico\/wp-json\/wp\/v2\/categories?post=98992"},{"taxonomy":"post_tag","embeddable":true,"href":"https:\/\/plazajuarez.mx\/historico\/wp-json\/wp\/v2\/tags?post=98992"}],"curies":[{"name":"wp","href":"https:\/\/api.w.org\/{rel}","templated":true}]}}