{"id":98991,"date":"2020-02-10T05:41:11","date_gmt":"2020-02-10T05:41:11","guid":{"rendered":"http:\/\/plazajuarez.mx\/index\/index.php\/2020\/02\/10\/dese-por-enterado-683\/"},"modified":"2020-04-14T18:58:34","modified_gmt":"2020-04-14T18:58:34","slug":"dese-por-enterado-683","status":"publish","type":"post","link":"https:\/\/plazajuarez.mx\/historico\/dese-por-enterado-683\/","title":{"rendered":"DESE POR ENTERADO"},"content":{"rendered":"<p>TERCERA SEMANA DEL PERIODISMO.- Este mi\u00e9rcoles, con la conferencia \u201cPeriodismo Digital y el futuro de la comunicaci\u00f3n\u201d, arrancan las actividades de la Tercera Semana del Periodismo, Hidalgo 2020.<\/p>\n<p>  <!--more-->  <\/p>\n<p>La sede ser\u00e1 el vest\u00edbulo del Auditorio Gota de Plata. Poco antes, a las 9 de la ma\u00f1ana, el evento ser\u00e1 inaugurado. La conferencia inicial estar\u00e1 a cargo de la doctora Mireya M\u00e1rquez, profesora e investigadora de la Universidad Iberoamericana, y del doctor Vladimir Meza. A las 11:30 \u201cLa diversidad sexual en el periodismo\u201d; 13:00 horas, \u201cEl Periodismo ante la aparici\u00f3n de blogueros y youtubers\u201d; 15:00 horas, \u201cLos medios de comunicaci\u00f3n en tiempos de redes sociales\u201d\u00a0 a las 18:00 horas, \u201cPeriodismo Literario y Kapuscinki\u201d, a cargo de Gilberto Meza. No deje usted de acudir.<\/p>\n<p>\u00a0\u00a0 \u00a0\u00a0\u00a0 \u00a0\u00a0\u00a0 \u00a0\u00a0\u00a0 \u00a0\u00a0\u00a0 \u00a0***<\/p>\n<p>LOS QUE YA SE VIERON COMO ALCALDES.. LOS QUE NO.- La rutina gimn\u00e1stica de \u201cEl Chapul\u00edn\u201d es lo de moda en la sede del Congreso local, especialmente entre los SeudoMorenistas del Grupo Universidad, algunos de los cuales ya se vieron como alcaldes y juran y perjuran que ganan aun contra el no visto bueno del Presidente L\u00f3pez Obrador. Vamos por partes: El Pr\u00edncipe de los T\u00edteres, Richy, afirma que regresar\u00e1 a ser alcalde de Tula porque cuando fue dej\u00f3 a todos y a todas enamorados por su grandiosidad para gobernar. Seg\u00fan cuentan de la alcald\u00eda, jura, va por la gubernatura de Hidalgo, y se reporta listo para el saltar cual chapul\u00edn. Mucho menos optimistas est\u00e1n Corina Mart\u00ednez, sucesora de Edith Piaf en el canto; Jorge Mayorga, El Fil\u00f3sofo; Humberto Veras, ex rector y la siempre ocurrente Roxana Montealegre, porque ya se dieron cuenta que una cosa es que los hayan puesto en una lista y nadar de a muertito en la ola de AMLO, y otra salir a hacer campa\u00f1a cuando la ola ya no es tan alta como antes. As\u00ed que lo primero que buscan es asegurarse de que ante una eventual derrota puedan regresar a su curul, y no les hagan eso de que el que se fue la Villa perdi\u00f3 su silla.<\/p>\n<p>\u00a0\u00a0 \u00a0\u00a0\u00a0 \u00a0\u00a0\u00a0 \u00a0\u00a0\u00a0 \u00a0\u00a0\u00a0 \u00a0***<\/p>\n<p>PRI, IR\u00c1 CON BENJAM\u00cdN RICO POR PACHUCA.- Parece un hecho que Benjam\u00edn Rico ser\u00e1 el candidato del PRI a la alcald\u00eda de Pachuca. El escenario no fue el adecuado para el m\u00e9dico Luis Jaime Osorio, y es muy posible que decida apoyar la nominaci\u00f3n de Benjam\u00edn. Por Morena no hay nada decidido, aunque el regidor Navor Rojas Mancera empieza a destacarse por encima del ex rector Humberto Veras y el rector en funciones, Adolfo Pontigo. En Acci\u00f3n Nacional no quieren hablar del asunto de plano.<\/p>\n<p>\u00a0\u00a0 \u00a0\u00a0\u00a0 \u00a0\u00a0\u00a0 \u00a0\u00a0\u00a0 \u00a0\u00a0\u00a0 \u00a0***<\/p>\n<p>NI MAXWELL SMART.- En una acci\u00f3n propia de la Agencia Control donde trabajaba el S\u00faper Agente 86, temible operario del Recontra-Espionaje, le pusieron un cuatro al Secretario de Gobierno, Sim\u00f3n Vargas. Luego oyeron lo que quisieron, y despu\u00e9s exigieron la renuncia del susodicho, nom\u00e1s porque as\u00ed se lo pidieron ellos mismos. Ya el asunto suena a chunga, y lo es, pero bueno&#8230; de plano dan pena ajena.<\/p>\n<p>\u00a0\u00a0 \u00a0\u00a0\u00a0 \u00a0\u00a0\u00a0 \u00a0\u00a0\u00a0 \u00a0\u00a0\u00a0 \u00a0***<\/p>\n<p>Aviso para que no digan: Esa columna se nutre de comentarios recabados en agencias del Recontra-Espionaje, muy similares a las que populariz\u00f3 el \u201cS\u00faper Agente 86\u201d en sus tiempos. Como tal, usted est\u00e1 en libertad de creer o no lo que lee, recontra-enojarse, recontra-carcajearse y hasta recontra-recordarnos a nuestra jefecita (nosotros recontra-hacemos lo propio). Avisado est\u00e1 usted.<\/p>\n<p>Dudas y comentarios:<br \/>desexenterado@gmail.com<br \/>@desexenterado<\/p>\n","protected":false},"excerpt":{"rendered":"<p>TERCERA SEMANA DEL PERIODISMO.- Este mi\u00e9rcoles, con la conferencia \u201cPeriodismo Digital y el futuro de la comunicaci\u00f3n\u201d, arrancan las actividades de la Tercera Semana del Periodismo, Hidalgo 2020.<\/p>\n","protected":false},"author":93,"featured_media":0,"comment_status":"open","ping_status":"open","sticky":false,"template":"","format":"standard","meta":{"footnotes":""},"categories":[83,42],"tags":[66],"class_list":["post-98991","post","type-post","status-publish","format-standard","hentry","category-dese-por-enterado","category-nuestrapalabra","tag-dese"],"_links":{"self":[{"href":"https:\/\/plazajuarez.mx\/historico\/wp-json\/wp\/v2\/posts\/98991","targetHints":{"allow":["GET"]}}],"collection":[{"href":"https:\/\/plazajuarez.mx\/historico\/wp-json\/wp\/v2\/posts"}],"about":[{"href":"https:\/\/plazajuarez.mx\/historico\/wp-json\/wp\/v2\/types\/post"}],"author":[{"embeddable":true,"href":"https:\/\/plazajuarez.mx\/historico\/wp-json\/wp\/v2\/users\/93"}],"replies":[{"embeddable":true,"href":"https:\/\/plazajuarez.mx\/historico\/wp-json\/wp\/v2\/comments?post=98991"}],"version-history":[{"count":0,"href":"https:\/\/plazajuarez.mx\/historico\/wp-json\/wp\/v2\/posts\/98991\/revisions"}],"wp:attachment":[{"href":"https:\/\/plazajuarez.mx\/historico\/wp-json\/wp\/v2\/media?parent=98991"}],"wp:term":[{"taxonomy":"category","embeddable":true,"href":"https:\/\/plazajuarez.mx\/historico\/wp-json\/wp\/v2\/categories?post=98991"},{"taxonomy":"post_tag","embeddable":true,"href":"https:\/\/plazajuarez.mx\/historico\/wp-json\/wp\/v2\/tags?post=98991"}],"curies":[{"name":"wp","href":"https:\/\/api.w.org\/{rel}","templated":true}]}}