{"id":98954,"date":"2020-02-09T15:56:43","date_gmt":"2020-02-09T15:56:43","guid":{"rendered":"http:\/\/plazajuarez.mx\/index\/index.php\/2020\/02\/09\/no-se-debe-tolerar-acoso-en-universidades\/"},"modified":"2020-02-09T15:56:43","modified_gmt":"2020-02-09T15:56:43","slug":"no-se-debe-tolerar-acoso-en-universidades","status":"publish","type":"post","link":"https:\/\/plazajuarez.mx\/historico\/no-se-debe-tolerar-acoso-en-universidades\/","title":{"rendered":"\u201cNo se debe tolerar acoso en universidades\u201d"},"content":{"rendered":"<p>APUNTA P\u00c9REZ PERUSQU\u00cdA <br \/>\u00a0\u00a0 \u00a0\u2022\u00a0\u00a0 \u00a0Protocolos para protecci\u00f3n de v\u00edctimas de acoso y hostigamiento, deben implementarse en todas las universidades\u2028<\/p>\n<p>  <!--more-->  <\/p>\n<p>La presidenta de la Junta de Gobierno, Mar\u00eda Luisa P\u00e9rez Perusqu\u00eda, enfatiz\u00f3 que no debe haber tolerancia en los casos de acoso, hostigamiento e incluso abuso de tipo sexual dentro de las instituciones de educaci\u00f3n superior, por lo que se\u00f1al\u00f3 que espera que las comisiones conjuntas de Equidad de G\u00e9nero y de Educaci\u00f3n, den seguimiento y se emita a la brevedad el exhorto que subi\u00f3 al pleno el pasado mi\u00e9rcoles. <br \/>La legisladora, destac\u00f3 la importancia de que se brinde seguridad y protecci\u00f3n real a las v\u00edctimas, quienes en reiteradas ocasiones por miedo a ser destituidas o que los funcionarios de la universidad tomen represalias, no han querido denunciar; \u201ces necesario que se activen protocolos necesarios para garantizar la seguridad de las alumnas y alumnos, pero sobre todo que se d\u00e9 seguimiento a los casos y que se sancione a todos aquellos a los que se les comprueben las acusaciones\u201d. <br \/>En entrevista, P\u00e9rez Perusqu\u00eda, asegur\u00f3 que si bien se hizo un llamado directo a la Universidad Aut\u00f3noma del Estado de hidalgo (UAEH) por las recientes manifestaciones que se han realizado en contra de la m\u00e1xima casa de estudios, tambi\u00e9n se exhort\u00f3 a la Secretar\u00eda de Educaci\u00f3n P\u00fablica de Hidalgo (SEPH) para que las universidades p\u00fablicas hagan lo propio.<br \/>De igual, forma se\u00f1al\u00f3 que el acoso y hostigamiento no est\u00e1n exentos en las escuelas universitarias de \u00edndole privado, por lo que el exhorto deber\u00e1 alcanzar a absolutamente todas las instituciones de nivel superior, p\u00fablicas y privadas; \u201csabemos que el fen\u00f3meno se da, muchas veces de manera callada y tolerada, con el movimiento de universitarios en el pa\u00eds hay voces que se levantan y no debemos hacer o\u00eddos sordos al reclamo\u201d. <br \/>Finalmente, agreg\u00f3: \u201chablo de todas las universidades en el estado, no debemos tolerar y debemos reconocer que esta problem\u00e1tica existe. Esperamos que se cumpla el proceso legislativo con la propuesta que ingres\u00e9, yo espero que este acuerdo econ\u00f3mico se vote en el pleno, estaremos al pendiente y deber\u00e1 haber cumplimiento de este\u201d.<\/p>\n","protected":false},"excerpt":{"rendered":"<p>APUNTA P\u00c9REZ PERUSQU\u00cdA \u00a0\u00a0 \u00a0\u2022\u00a0\u00a0 \u00a0Protocolos para protecci\u00f3n de v\u00edctimas de acoso y hostigamiento, deben implementarse en todas las universidades\u2028<\/p>\n","protected":false},"author":93,"featured_media":0,"comment_status":"open","ping_status":"open","sticky":false,"template":"","format":"standard","meta":{"footnotes":""},"categories":[59],"tags":[],"class_list":["post-98954","post","type-post","status-publish","format-standard","hentry","category-general"],"_links":{"self":[{"href":"https:\/\/plazajuarez.mx\/historico\/wp-json\/wp\/v2\/posts\/98954","targetHints":{"allow":["GET"]}}],"collection":[{"href":"https:\/\/plazajuarez.mx\/historico\/wp-json\/wp\/v2\/posts"}],"about":[{"href":"https:\/\/plazajuarez.mx\/historico\/wp-json\/wp\/v2\/types\/post"}],"author":[{"embeddable":true,"href":"https:\/\/plazajuarez.mx\/historico\/wp-json\/wp\/v2\/users\/93"}],"replies":[{"embeddable":true,"href":"https:\/\/plazajuarez.mx\/historico\/wp-json\/wp\/v2\/comments?post=98954"}],"version-history":[{"count":0,"href":"https:\/\/plazajuarez.mx\/historico\/wp-json\/wp\/v2\/posts\/98954\/revisions"}],"wp:attachment":[{"href":"https:\/\/plazajuarez.mx\/historico\/wp-json\/wp\/v2\/media?parent=98954"}],"wp:term":[{"taxonomy":"category","embeddable":true,"href":"https:\/\/plazajuarez.mx\/historico\/wp-json\/wp\/v2\/categories?post=98954"},{"taxonomy":"post_tag","embeddable":true,"href":"https:\/\/plazajuarez.mx\/historico\/wp-json\/wp\/v2\/tags?post=98954"}],"curies":[{"name":"wp","href":"https:\/\/api.w.org\/{rel}","templated":true}]}}