{"id":98953,"date":"2020-02-09T15:56:43","date_gmt":"2020-02-09T15:56:43","guid":{"rendered":"http:\/\/plazajuarez.mx\/index\/index.php\/2020\/02\/09\/conectaran-tlanchinol-con-la-pachuca-huejutla\/"},"modified":"2020-02-09T15:56:43","modified_gmt":"2020-02-09T15:56:43","slug":"conectaran-tlanchinol-con-la-pachuca-huejutla","status":"publish","type":"post","link":"https:\/\/plazajuarez.mx\/historico\/conectaran-tlanchinol-con-la-pachuca-huejutla\/","title":{"rendered":"Conectar\u00e1n Tlanchinol con la Pachuca-Huejutla"},"content":{"rendered":"<p>En la sierra hidalguense <br \/>\u00a0\u00a0 \u00a0\u2022\u00a0\u00a0 \u00a0Contin\u00faa el gobierno de Omar Fayad el combate contra la pobreza; con acciones que favorecen la salud y calidad de vida de habitantes de Tlanchinol\u2028<\/p>\n<p>  <!--more-->  <\/p>\n<p>El gobernador Omar Fayad dio el banderazo de inicio de la ampliaci\u00f3n del camino rural Acatempa &#8211; San Salvador, la cual se conecta con la carretera federal Pachuca-Huejutla, infraestructura con una inversi\u00f3n de 9 millones 778 mil pesos en beneficio directo de 16,053 habitantes de Sierra hidalguense.<\/p>\n<p>&#8220;La ampliaci\u00f3n del camino rural permitir\u00e1 a los habitantes de las comunidades desplazarse con mayor facilidad en una ruta r\u00e1pida y segura que los comunique con la carretera Huejutla-Pachuca, una obra importante a la que se le han destinado muchos recursos para concluir esta etapa&#8221;, subray\u00f3. <\/p>\n<p>Entre las acciones para combatir los \u00edndices de pobreza en la regi\u00f3n, el mandatario anunci\u00f3 la aplicaci\u00f3n de m\u00e1s recursos en materia de salud; as\u00ed como la construcci\u00f3n de 36 cuartos dormitorio por un monto de 3 millones 468 mil pesos; 405 mil pesos para la construcci\u00f3n de pisos firmes de 62 viviendas y 1 mill\u00f3n 324 mil pesos para 25 ba\u00f1os con biodigestor. <\/p>\n<p>Para garantizar el abasto de agua e incidir en la salud de la poblaci\u00f3n, el gobierno estatal destin\u00f3 11 millones 25 mil pesos para la construcci\u00f3n de un sistema integral de abasto de agua potable en beneficio de las comunidades de Tlanchinol. <\/p>\n<p>Expres\u00f3 que a pesar de que la pobreza disminuy\u00f3 7 por ciento (%) en lo que va de su administraci\u00f3n, no es suficiente; por ello seguir\u00e1 trabajando en conjunto con el presidente L\u00f3pez Obrador y los presidentes municipales a favor de las familias de la Sierra y la Huasteca. <\/p>\n<p>Asegur\u00f3 que las audiencias p\u00fablicas y las visitas a los municipios le han permitido conocer de primera mano las necesidades de la gente, por ello seguir\u00e1 impulsando pol\u00edticas p\u00fablicas que fortalezcan el crecimiento de Hidalgo. <\/p>\n<p>El titular de la Secretar\u00eda de Obras P\u00fablicas y Ordenamiento Territorial, Jos\u00e9 Meneses Arrieta, expres\u00f3 que en el gobierno de Omar Fayad se han invertido m\u00e1s de 120 millones de pesos en Tlanchinol, con la finalidad\u00a0 de mejorar la calidad de vida de los habitantes de la regi\u00f3n. <\/p>\n<p>El alcalde de Tlanchinol, Pablo Salazar Hern\u00e1ndez, agradeci\u00f3 los beneficios y el compromiso que el gobernador Omar Fayad tiene con su municipio. <\/p>\n","protected":false},"excerpt":{"rendered":"<p>En la sierra hidalguense \u00a0\u00a0 \u00a0\u2022\u00a0\u00a0 \u00a0Contin\u00faa el gobierno de Omar Fayad el combate contra la pobreza; con acciones que favorecen la salud y calidad de vida de habitantes de Tlanchinol\u2028<\/p>\n","protected":false},"author":93,"featured_media":0,"comment_status":"open","ping_status":"open","sticky":false,"template":"","format":"standard","meta":{"footnotes":""},"categories":[59],"tags":[],"class_list":["post-98953","post","type-post","status-publish","format-standard","hentry","category-general"],"_links":{"self":[{"href":"https:\/\/plazajuarez.mx\/historico\/wp-json\/wp\/v2\/posts\/98953","targetHints":{"allow":["GET"]}}],"collection":[{"href":"https:\/\/plazajuarez.mx\/historico\/wp-json\/wp\/v2\/posts"}],"about":[{"href":"https:\/\/plazajuarez.mx\/historico\/wp-json\/wp\/v2\/types\/post"}],"author":[{"embeddable":true,"href":"https:\/\/plazajuarez.mx\/historico\/wp-json\/wp\/v2\/users\/93"}],"replies":[{"embeddable":true,"href":"https:\/\/plazajuarez.mx\/historico\/wp-json\/wp\/v2\/comments?post=98953"}],"version-history":[{"count":0,"href":"https:\/\/plazajuarez.mx\/historico\/wp-json\/wp\/v2\/posts\/98953\/revisions"}],"wp:attachment":[{"href":"https:\/\/plazajuarez.mx\/historico\/wp-json\/wp\/v2\/media?parent=98953"}],"wp:term":[{"taxonomy":"category","embeddable":true,"href":"https:\/\/plazajuarez.mx\/historico\/wp-json\/wp\/v2\/categories?post=98953"},{"taxonomy":"post_tag","embeddable":true,"href":"https:\/\/plazajuarez.mx\/historico\/wp-json\/wp\/v2\/tags?post=98953"}],"curies":[{"name":"wp","href":"https:\/\/api.w.org\/{rel}","templated":true}]}}