{"id":98949,"date":"2020-02-09T15:56:43","date_gmt":"2020-02-09T15:56:43","guid":{"rendered":"http:\/\/plazajuarez.mx\/index\/index.php\/2020\/02\/09\/confrontacion-o-dialogo\/"},"modified":"2020-02-09T15:56:43","modified_gmt":"2020-02-09T15:56:43","slug":"confrontacion-o-dialogo","status":"publish","type":"post","link":"https:\/\/plazajuarez.mx\/historico\/confrontacion-o-dialogo\/","title":{"rendered":"Confrontaci\u00f3n o di\u00e1logo\u2026"},"content":{"rendered":"<p>Pido la palabra<\/p>\n<p>  <!--more-->  <\/p>\n<p>La confrontaci\u00f3n de las ideas y los razonamientos es una actividad recomendable para lograr el crecimiento social, pues en la dial\u00e9ctica, los extremos se apaciguan para dar lugar a nuevos estados de vida que supone un equilibrio entre los elementos antag\u00f3nicos.<\/p>\n<p>Sin embargo, cuando no existe madurez, nos obstinamos en imponer criterios, pensando ilusamente que nuestra palabra es de rey, y entonces deja de se exposici\u00f3n de ideas para convertirse en imposici\u00f3n de ideas, provocando que el crecimiento se convierta en riesgoso retroceso.<\/p>\n<p>Hoy d\u00eda pareciese que el negocio de la confrontaci\u00f3n es bastante lucrativo pol\u00edticamente hablando, pues cuando se pretende salir del anonimato\u00a0 o conseguir prerrogativas que hasta en ese momento no se han logrado, solo basta con actuar fuera de las reglas del di\u00e1logo y ejercer la violencia f\u00edsica como la que acostumbran los agitadores profesionales, o bien, hacer declaraciones incendiarias para usar ese medio como una forma de presi\u00f3n y en muchos casos, como una manera de hacerse notar y justificar su presencia en los lugares donde se les ha colocado.<\/p>\n<p>Se da en todos los niveles y \u00e1mbitos de la sociedad, sin embargo, llama la atenci\u00f3n que en la actualidad muchas de estas acciones verbalmente violentas est\u00e9n estrechamente vinculadas con los procesos electorales, s\u00ed, esos procesos que deber\u00eda servir para fortalecer a la democracia, y como tal, permitir el acceso de la ciudadan\u00eda al pleno ejercicio de su derecho pol\u00edtico pero fundamentado en ideas y propuestas, no en mentadas y denuestos.<\/p>\n<p>En Hidalgo, debemos estar alerta a las se\u00f1ales de todos los acontecimientos violentos que se presenten en nuestro Estado, pues sin duda alguna, algunos de estos actos podr\u00edan llevar un trasfondo, que por un m\u00ednimo de salud social se tendr\u00edan que aclarar inmediatamente.<\/p>\n<p>Las campa\u00f1as ya est\u00e1n muy cerca, hay quienes ya se est\u00e1n dando sus ba\u00f1os de pueblo, haci\u00e9ndose los aparecidos en eventos donde puedan saludar a diestra y siniestra, o bien, de repente se acordaron de que eran generosos y su magnanimidad es captada \u201cpor casualidad\u201d por la c\u00e1mara de alg\u00fan buen samaritano que las sube a las redes sociales.<\/p>\n<p>Pero tambi\u00e9n, estos \u201cbuenos y desinteresados\u201d ciudadanos, pronto se convierten en el blanco de ataques pol\u00edticos de sus posibles oponentes, quienes a manera de fuego amigo, comenzar\u00e1n a filtrar el lado oscuro de la bondad desinteresada de esa dilecta persona. La provocaci\u00f3n en tiempos electorales siempre lleva un mensaje impl\u00edcito y hay quienes defienden sus huesos como rabiosos perros.<\/p>\n<p>Estoy seguro de que la sociedad hidalguense tiene una exigencia de estabilidad social, y \u00e9sta se debe traducir en beneficios para las mayor\u00edas, y no solo para aquellos que pretendan el poder pol\u00edtico y que desde ahora est\u00e1n mordiendo y tejiendo su telara\u00f1a; los ya muy cercanos spots pol\u00edticos tambi\u00e9n son una forma de agresi\u00f3n a nuestra inteligencia.<\/p>\n<p>En Hidalgo es un hecho que no necesitamos confrontaci\u00f3n por encima del di\u00e1logo, en nuestra entidad todos debemos trabajar para conservar la confianza institucional que tanto se necesita para generar inversiones, pues para generar empleos se debe incentivar a la inversi\u00f3n privada, y por eso, hoy les exijo a los defensores de \u201ccualquier cosa\u201d que garantice confrontaci\u00f3n, que piensen muy bien que en Hidalgo no caben los agitadores sociales, que en Hidalgo se trabaja con la fuerza de la raz\u00f3n y el derecho y no con la fuerza y la confrontaci\u00f3n.<\/p>\n<p>Las palabras se las lleva el viento, pero mi pensamiento escrito est\u00e1.<\/p>\n","protected":false},"excerpt":{"rendered":"<p>Pido la palabra<\/p>\n","protected":false},"author":93,"featured_media":0,"comment_status":"open","ping_status":"open","sticky":false,"template":"","format":"standard","meta":{"footnotes":""},"categories":[42],"tags":[],"class_list":["post-98949","post","type-post","status-publish","format-standard","hentry","category-nuestrapalabra"],"_links":{"self":[{"href":"https:\/\/plazajuarez.mx\/historico\/wp-json\/wp\/v2\/posts\/98949","targetHints":{"allow":["GET"]}}],"collection":[{"href":"https:\/\/plazajuarez.mx\/historico\/wp-json\/wp\/v2\/posts"}],"about":[{"href":"https:\/\/plazajuarez.mx\/historico\/wp-json\/wp\/v2\/types\/post"}],"author":[{"embeddable":true,"href":"https:\/\/plazajuarez.mx\/historico\/wp-json\/wp\/v2\/users\/93"}],"replies":[{"embeddable":true,"href":"https:\/\/plazajuarez.mx\/historico\/wp-json\/wp\/v2\/comments?post=98949"}],"version-history":[{"count":0,"href":"https:\/\/plazajuarez.mx\/historico\/wp-json\/wp\/v2\/posts\/98949\/revisions"}],"wp:attachment":[{"href":"https:\/\/plazajuarez.mx\/historico\/wp-json\/wp\/v2\/media?parent=98949"}],"wp:term":[{"taxonomy":"category","embeddable":true,"href":"https:\/\/plazajuarez.mx\/historico\/wp-json\/wp\/v2\/categories?post=98949"},{"taxonomy":"post_tag","embeddable":true,"href":"https:\/\/plazajuarez.mx\/historico\/wp-json\/wp\/v2\/tags?post=98949"}],"curies":[{"name":"wp","href":"https:\/\/api.w.org\/{rel}","templated":true}]}}