{"id":989,"date":"2015-02-17T06:00:00","date_gmt":"2015-02-17T06:00:00","guid":{"rendered":"http:\/\/plazajuarez.mx\/index\/index.php\/2015\/02\/17\/el-kirchnerismo-afronta-la-mayor-crisis-de-argentina-desde-2001\/"},"modified":"2015-02-17T06:00:00","modified_gmt":"2015-02-17T06:00:00","slug":"el-kirchnerismo-afronta-la-mayor-crisis-de-argentina-desde-2001","status":"publish","type":"post","link":"https:\/\/plazajuarez.mx\/historico\/el-kirchnerismo-afronta-la-mayor-crisis-de-argentina-desde-2001\/","title":{"rendered":"El kirchnerismo afronta la mayor  crisis de Argentina desde 2001"},"content":{"rendered":"<ul>\n<li><strong>El &#8216;caso Nisman&#8217; y el embate del poder judicial sacuden al Gobierno en pleno a\u00f1o electoral<\/strong><\/li>\n<\/ul>\n<p>Buenos Aires.- Las comparaciones son odiosas pero Argentina vive d\u00edas de zozobra pol\u00edtica como no suced\u00eda desde la crisis de diciembre de 2001, cuando por la Casa Rosada desfilaron cinco presidentes en menos de 15 d\u00edas. Desde entonces, cuando el Estado se declar\u00f3 en bancarrota, el pa\u00eds fue saliendo a flote poco a poco inmerso en un proyecto pol\u00edtico que reivindicaba las viejas banderas del peronismo. Ese modelo, el kirchnerismo, afronta hoy, en el ocaso de la &#8216;d\u00e9cada ganada&#8217;, sus horas m\u00e1s delicadas, con su m\u00e1ximo exponente, la presidenta Cristina Fern\u00e1ndez de Kirchner, imputada por encubrimiento y acorralada por un sector del poder judicial que ha tomado la muerte del fiscal Nisman como estandarte para desgastar al oficialismo de cara a las elecciones presidenciales de octubre.<\/p>\n<p>  <!--more-->  <\/p>\n<p>\u00a0<\/p>\n<p>La mandataria eludi\u00f3 el domingo de nuevo cualquier referencia a esa imputaci\u00f3n solicitada el viernes por el fiscal que ha heredado la denuncia de Nisman y que sostiene que Fern\u00e1ndez de Kirchner habr\u00eda avalado una trama para desvincular a varios imputados iran\u00edes del atentado contra la mutual jud\u00eda AMIA en 1994. &#8220;Cuando se asombraban de lo que hizo ese hombre desgarbado y flaco (el ex presidente N\u00e9stor Kirchner, fallecido en 2010), y a los que a\u00fan se siguen asombrando de c\u00f3mo aguanto todo lo que tengo que aguantar, les digo que aprend\u00ed ac\u00e1 en la Patagonia, con el viento, con el fr\u00edo, con la nieve, con el olvido&#8221;, declar\u00f3 la presidenta durante un acto p\u00fablico en El Calafate transmitido por &#8220;cadena nacional&#8221; y en el que sobre el &#8216;caso Nisman&#8217;.<\/p>\n<p><strong>Refugiada en El Calafate<\/strong><\/p>\n<p>Al inaugurar un hospital de alta complejidad en El Calafate, donde se ha refugiado durante el largo puente de Carnavales, Cristina Fern\u00e1ndez aprovech\u00f3 su intervenci\u00f3n para recordar a su fallecido esposo y hacer un llamamiento a sus seguidores: &#8220;Quiero decirles a todos, con esta vela que se prendi\u00f3 cuando \u00e9l (N\u00e9stor Kirchner) parti\u00f3, que tambi\u00e9n nosotros somos m\u00e1s importantes que los reflectores, las c\u00e1maras y lo que pueda decir un diario. Estas velas van a estar siempre encendidas en el coraz\u00f3n del pueblo y siempre va a haber un argentino que, cuando quieran avanzar sobre nuestras conquistas, sobre nuestros derechos, vuelva a encender la vela para que nunca m\u00e1s se apague la llama de la patria&#8221;.<\/p>\n<p>Sin tregua desde hace casi un mes, el Gobierno argentino minimiz\u00f3 en su d\u00eda la denuncia de Alberto Nisman contra Fern\u00e1ndez de Kirchner y otros dirigentes oficialistas. Para Kirchner, la muerte del fiscal de un disparo en la cabeza, y no la denuncia, era la verdadera &#8220;operaci\u00f3n&#8221; en marcha para da\u00f1ar su imagen. Detr\u00e1s de ese &#8220;golpe de Estado blando&#8221;, seg\u00fan lo define el oficialismo, estar\u00eda un sector de los servicios secretos, capitaneado por el hoy c\u00e9lebre ex esp\u00eda Antonio &#8216;Jaime&#8217; Stiuso, apartado de la Secretar\u00eda de Inteligencia en diciembre. Sin embargo, la denuncia de 290 p\u00e1ginas que Nisman present\u00f3 cuatro d\u00edas antes de su muerte ha vuelto a cobrar relevancia con la imputaci\u00f3n de la presidenta solicitada el viernes por el fiscal Gerardo Pollicita. (Agencias)<\/p>\n","protected":false},"excerpt":{"rendered":"<p>El &#8216;caso Nisman&#8217; y el embate del poder judicial sacuden al Gobierno en pleno a\u00f1o electoral Buenos Aires.- Las comparaciones son odiosas pero Argentina vive d\u00edas de zozobra pol\u00edtica como no suced\u00eda desde la crisis de diciembre de 2001, cuando por la Casa Rosada desfilaron cinco presidentes en menos de 15 d\u00edas. Desde entonces, cuando [&hellip;]<\/p>\n","protected":false},"author":93,"featured_media":0,"comment_status":"open","ping_status":"open","sticky":false,"template":"","format":"standard","meta":{"footnotes":""},"categories":[31],"tags":[],"class_list":["post-989","post","type-post","status-publish","format-standard","hentry","category-orbe"],"_links":{"self":[{"href":"https:\/\/plazajuarez.mx\/historico\/wp-json\/wp\/v2\/posts\/989","targetHints":{"allow":["GET"]}}],"collection":[{"href":"https:\/\/plazajuarez.mx\/historico\/wp-json\/wp\/v2\/posts"}],"about":[{"href":"https:\/\/plazajuarez.mx\/historico\/wp-json\/wp\/v2\/types\/post"}],"author":[{"embeddable":true,"href":"https:\/\/plazajuarez.mx\/historico\/wp-json\/wp\/v2\/users\/93"}],"replies":[{"embeddable":true,"href":"https:\/\/plazajuarez.mx\/historico\/wp-json\/wp\/v2\/comments?post=989"}],"version-history":[{"count":0,"href":"https:\/\/plazajuarez.mx\/historico\/wp-json\/wp\/v2\/posts\/989\/revisions"}],"wp:attachment":[{"href":"https:\/\/plazajuarez.mx\/historico\/wp-json\/wp\/v2\/media?parent=989"}],"wp:term":[{"taxonomy":"category","embeddable":true,"href":"https:\/\/plazajuarez.mx\/historico\/wp-json\/wp\/v2\/categories?post=989"},{"taxonomy":"post_tag","embeddable":true,"href":"https:\/\/plazajuarez.mx\/historico\/wp-json\/wp\/v2\/tags?post=989"}],"curies":[{"name":"wp","href":"https:\/\/api.w.org\/{rel}","templated":true}]}}