{"id":98870,"date":"2020-02-07T12:17:06","date_gmt":"2020-02-07T12:17:06","guid":{"rendered":"http:\/\/plazajuarez.mx\/index\/index.php\/2020\/02\/07\/caen-3-que-robaron-200-mil-pesos-a-un-cuentahabiente\/"},"modified":"2020-02-07T12:17:06","modified_gmt":"2020-02-07T12:17:06","slug":"caen-3-que-robaron-200-mil-pesos-a-un-cuentahabiente","status":"publish","type":"post","link":"https:\/\/plazajuarez.mx\/historico\/caen-3-que-robaron-200-mil-pesos-a-un-cuentahabiente\/","title":{"rendered":"Caen 3 que robaron 200 mil pesos a un cuentahabiente"},"content":{"rendered":"<p>CIUDAD DE M\u00c9XICO<\/p>\n<p>Detenci\u00f3n fue por seguimiento con C2 Poniente, tras hechos ocurridos en Plaza Santa Teresa<\/p>\n<p>  <!--more-->  <\/p>\n<p>Ayer se inform\u00f3 que elementos de la polic\u00eda capitalina detuvieron a tres responsables de haber disparado ayer mi\u00e9rcoles contra un cuentahabiente en el rostro, para despojarlo de 200 mil pesos que retir\u00f3 de una sucursal bancaria en Magdalena Contreras.<br \/>La detenci\u00f3n se realiz\u00f3 en seguimiento con el C2 Poniente, tras los hechos ocurridos la tarde del mi\u00e9rcoles en la Plaza Santa Teresa.<br \/>Aunque la Secretar\u00eda de Seguridad Ciudadana (SSC) no ha referido detalles de la captura, informaron que est\u00e1n siendo trasladados a la Fiscal\u00eda General de Justicia capitalina, por estar relacionados con otros robos.<br \/>Le disparan en el rostro<br \/>Delincuentes a bordo de motocicletas y autom\u00f3viles, despojaron a un cuentahabiente de dinero en efectivo que acababa de retirar de una sucursal bancaria, para ello, le dispararon justo a la altura de la nariz.<br \/>Los hechos ocurrieron ayer mi\u00e9rcoles cuando la v\u00edctima acudi\u00f3 a la Plaza Comercial Santa Teresa e Insurgentes, en la alcald\u00eda Magdalena Contreras; ah\u00ed retir\u00f3 200 mil pesos, sin embargo, al salir, fue interpretado por un sujeto en una motocicleta, quien le dispar\u00f3.<br \/>El sujeto en la moto, iba acompa\u00f1ado de otros sujetos que circulaban en dos veh\u00edculos, uno Tiida color gris y un Spirit azul.<br \/>La v\u00edctima fue trasladada a un hospital cercano para su atenci\u00f3n m\u00e9dica, en tanto se despleg\u00f3 un operativo para dar con los delincuentes sin que hasta el momento hayan sido detenidos.<\/p>\n","protected":false},"excerpt":{"rendered":"<p>CIUDAD DE M\u00c9XICO Detenci\u00f3n fue por seguimiento con C2 Poniente, tras hechos ocurridos en Plaza Santa Teresa<\/p>\n","protected":false},"author":93,"featured_media":0,"comment_status":"open","ping_status":"open","sticky":false,"template":"","format":"standard","meta":{"footnotes":""},"categories":[37],"tags":[],"class_list":["post-98870","post","type-post","status-publish","format-standard","hentry","category-barandilla"],"_links":{"self":[{"href":"https:\/\/plazajuarez.mx\/historico\/wp-json\/wp\/v2\/posts\/98870","targetHints":{"allow":["GET"]}}],"collection":[{"href":"https:\/\/plazajuarez.mx\/historico\/wp-json\/wp\/v2\/posts"}],"about":[{"href":"https:\/\/plazajuarez.mx\/historico\/wp-json\/wp\/v2\/types\/post"}],"author":[{"embeddable":true,"href":"https:\/\/plazajuarez.mx\/historico\/wp-json\/wp\/v2\/users\/93"}],"replies":[{"embeddable":true,"href":"https:\/\/plazajuarez.mx\/historico\/wp-json\/wp\/v2\/comments?post=98870"}],"version-history":[{"count":0,"href":"https:\/\/plazajuarez.mx\/historico\/wp-json\/wp\/v2\/posts\/98870\/revisions"}],"wp:attachment":[{"href":"https:\/\/plazajuarez.mx\/historico\/wp-json\/wp\/v2\/media?parent=98870"}],"wp:term":[{"taxonomy":"category","embeddable":true,"href":"https:\/\/plazajuarez.mx\/historico\/wp-json\/wp\/v2\/categories?post=98870"},{"taxonomy":"post_tag","embeddable":true,"href":"https:\/\/plazajuarez.mx\/historico\/wp-json\/wp\/v2\/tags?post=98870"}],"curies":[{"name":"wp","href":"https:\/\/api.w.org\/{rel}","templated":true}]}}