{"id":988,"date":"2015-02-17T06:00:00","date_gmt":"2015-02-17T06:00:00","guid":{"rendered":"http:\/\/plazajuarez.mx\/index\/index.php\/2015\/02\/17\/volver-a-la-camara-de-gas\/"},"modified":"2015-02-17T06:00:00","modified_gmt":"2015-02-17T06:00:00","slug":"volver-a-la-camara-de-gas","status":"publish","type":"post","link":"https:\/\/plazajuarez.mx\/historico\/volver-a-la-camara-de-gas\/","title":{"rendered":"Volver a la c\u00e1mara de gas"},"content":{"rendered":"<ul>\n<li><strong>Oklahoma plantea ejecutar a los condenados a muerte con gas nitr\u00f3geno ante la falta de barbit\u00faricos para la inyecci\u00f3n letal<\/strong><\/li>\n<\/ul>\n<p>Washington.- Con las ejecuciones en Oklahoma en suspenso pendientes de la decisi\u00f3n del Tribunal Supremo de si uno de los tres componentes que se usan en el c\u00f3ctel mortal de drogas para acabar con la vida del condenado por inyecci\u00f3n letal viola la Constituci\u00f3n de EU, legisladores republicanos est\u00e1n a un paso de convertir ese Estado en el primero que permita el uso de gas nitr\u00f3geno para acabar con la vida de los reos.<\/p>\n<p>  <!--more-->  <\/p>\n<p>\u00a0<\/p>\n<p>Se tratar\u00eda de una muerte por hipoxia, al utilizar gas nitr\u00f3geno y privar al preso de ox\u00edgeno en la sangre, lo que en opini\u00f3n de quienes patrocinan la ley es equiparable a una muerte sin dolor como la que sufren los pilotos cuando la cabina de un avi\u00f3n se despresuriza. \u201cNo se necesitar\u00eda a ning\u00fan m\u00e9dico para hacerlo\u201d, asegura el representante Mike Christian, antiguo polic\u00eda de carreteras. \u201cEs muy pr\u00e1ctico y es eficiente\u201d, concluye.<\/p>\n<p>Durante m\u00e1s de un siglo, Estados Unidos busc\u00f3 la forma \u2018m\u00e1s humana\u2019 de acabar con la vida de alguien en nombre del Estado. La horca y el pelot\u00f3n de fusilamiento primero, y la electrocuci\u00f3n de los condenados (la primera silla el\u00e9ctrica data de 1890) y la muerte en la c\u00e1mara de gas (1920) despu\u00e9s, her\u00edan los sentimientos de incluso quienes participaban en la gran farsa de la muerte humana auspiciada por el Estado.<\/p>\n<p>Se lleg\u00f3 a la adopci\u00f3n de la inyecci\u00f3n letal tras un macabro acto de evoluci\u00f3n propiciado por un forense partidario de la pena capital, que consideraba que se mataba animales \u201ccon m\u00e1s humanidad que con la que se mataba a personas\u201d. Parad\u00f3jicamente, ese forense, Jay Chapman, resid\u00eda en el mismo Estado que ahora ve amenazada por el Tribunal Supremo la supervivencia del m\u00e9todo por cruel y se plantea la vuelta a la c\u00e1mara de gas. El padre de la inyecci\u00f3n letal no pudo imaginar all\u00e1 por 1982 \u2013primera vez que se us\u00f3 tal m\u00e9todo, en Texas- que su invento ser\u00eda desterrado por algo tan simple como un problema de oferta \u2013ya que los laboratorios ya no quieren vender anestesia para uso en las c\u00e1rceles- que no demanda. (Agencias)<\/p>\n","protected":false},"excerpt":{"rendered":"<p>Oklahoma plantea ejecutar a los condenados a muerte con gas nitr\u00f3geno ante la falta de barbit\u00faricos para la inyecci\u00f3n letal Washington.- Con las ejecuciones en Oklahoma en suspenso pendientes de la decisi\u00f3n del Tribunal Supremo de si uno de los tres componentes que se usan en el c\u00f3ctel mortal de drogas para acabar con la [&hellip;]<\/p>\n","protected":false},"author":93,"featured_media":0,"comment_status":"open","ping_status":"open","sticky":false,"template":"","format":"standard","meta":{"footnotes":""},"categories":[31],"tags":[],"class_list":["post-988","post","type-post","status-publish","format-standard","hentry","category-orbe"],"_links":{"self":[{"href":"https:\/\/plazajuarez.mx\/historico\/wp-json\/wp\/v2\/posts\/988","targetHints":{"allow":["GET"]}}],"collection":[{"href":"https:\/\/plazajuarez.mx\/historico\/wp-json\/wp\/v2\/posts"}],"about":[{"href":"https:\/\/plazajuarez.mx\/historico\/wp-json\/wp\/v2\/types\/post"}],"author":[{"embeddable":true,"href":"https:\/\/plazajuarez.mx\/historico\/wp-json\/wp\/v2\/users\/93"}],"replies":[{"embeddable":true,"href":"https:\/\/plazajuarez.mx\/historico\/wp-json\/wp\/v2\/comments?post=988"}],"version-history":[{"count":0,"href":"https:\/\/plazajuarez.mx\/historico\/wp-json\/wp\/v2\/posts\/988\/revisions"}],"wp:attachment":[{"href":"https:\/\/plazajuarez.mx\/historico\/wp-json\/wp\/v2\/media?parent=988"}],"wp:term":[{"taxonomy":"category","embeddable":true,"href":"https:\/\/plazajuarez.mx\/historico\/wp-json\/wp\/v2\/categories?post=988"},{"taxonomy":"post_tag","embeddable":true,"href":"https:\/\/plazajuarez.mx\/historico\/wp-json\/wp\/v2\/tags?post=988"}],"curies":[{"name":"wp","href":"https:\/\/api.w.org\/{rel}","templated":true}]}}