{"id":98790,"date":"2020-02-06T14:53:57","date_gmt":"2020-02-06T14:53:57","guid":{"rendered":"http:\/\/plazajuarez.mx\/index\/index.php\/2020\/02\/06\/sin-patentes-notariales-en-hidalgo\/"},"modified":"2020-02-06T14:53:57","modified_gmt":"2020-02-06T14:53:57","slug":"sin-patentes-notariales-en-hidalgo","status":"publish","type":"post","link":"https:\/\/plazajuarez.mx\/historico\/sin-patentes-notariales-en-hidalgo\/","title":{"rendered":"\u00a0SIN PATENTES NOTARIALES EN HIDALGO"},"content":{"rendered":"<p>\u00a0<\/p>\n<p>El gobernador Omar Fayad ratific\u00f3 que mantendr\u00e1 el padr\u00f3n actual de notar\u00edas al concluir su mandato<\/p>\n<p>  <!--more-->  <\/p>\n<p>El comportamiento del Ejecutivo estatal ante el Colegio de Notarios de Hidalgo ha sido vertical, porque no ha otorgado ninguna nueva patente en los \u00faltimos tres a\u00f1os, derivado del compromiso que asumi\u00f3 desde el inicio de su administraci\u00f3n, ratific\u00f3 el gobernador Omar Fayad.<\/p>\n<p>En la toma de protesta del Consejo Directivo 2020-2022 e inauguraci\u00f3n de la segunda etapa de la ampliaci\u00f3n de las instalaciones del Colegio de Notarios del Estado de Hidalgo, el mandatario refiri\u00f3: \u201cmi intenci\u00f3n ha sido clara y he roto los paradigmas, con una orientaci\u00f3n m\u00e1s \u00fatil y planteando lo que resultaba inimaginable. As\u00ed es como he gobernado en estos m\u00e1s de tres a\u00f1os de administraci\u00f3n\u201d.<\/p>\n<p>\u201cSi queremos ser congruentes, el discurso sale sobrando, en las acciones y hechos est\u00e1 nuestro verdadero actuar. Eso es congruencia y los hidalguenses lo perciben con el cambio de paradigmas en los tiempos m\u00e1s dif\u00edciles en la historia de Hidalgo\u201d.<\/p>\n<p>La sociedad hidalguense sabe hacer las cosas. \u201c\u00a1S\u00ed se puede! Y estamos siendo testigos de la transformaci\u00f3n de Hidalgo\u201d, asegur\u00f3.<\/p>\n<p>Dese\u00f3 el mayor de los \u00e9xitos al presidente entrante, Guillermo Vega Huasco; a Efra\u00edn Arista Velasco, vicepresidente; a Mart\u00edn Islas Silva, secretario; a Araceli Judith G\u00f3mez Molano, tesorera; as\u00ed como a Marcela Gonz\u00e1lez Gonz\u00e1lez y Roc\u00edo Guti\u00e9rrez Rivera como vocales.\u00a0<\/p>\n<p>Reconoci\u00f3 lo mucho que contribuye el gremio notarial a garantizar el Estado de derecho, as\u00ed como en la seguridad jur\u00eddica y patrimonial de las personas.<\/p>\n","protected":false},"excerpt":{"rendered":"<p>\u00a0 El gobernador Omar Fayad ratific\u00f3 que mantendr\u00e1 el padr\u00f3n actual de notar\u00edas al concluir su mandato<\/p>\n","protected":false},"author":3,"featured_media":0,"comment_status":"open","ping_status":"open","sticky":false,"template":"","format":"standard","meta":{"footnotes":""},"categories":[59],"tags":[],"class_list":["post-98790","post","type-post","status-publish","format-standard","hentry","category-general"],"_links":{"self":[{"href":"https:\/\/plazajuarez.mx\/historico\/wp-json\/wp\/v2\/posts\/98790","targetHints":{"allow":["GET"]}}],"collection":[{"href":"https:\/\/plazajuarez.mx\/historico\/wp-json\/wp\/v2\/posts"}],"about":[{"href":"https:\/\/plazajuarez.mx\/historico\/wp-json\/wp\/v2\/types\/post"}],"author":[{"embeddable":true,"href":"https:\/\/plazajuarez.mx\/historico\/wp-json\/wp\/v2\/users\/3"}],"replies":[{"embeddable":true,"href":"https:\/\/plazajuarez.mx\/historico\/wp-json\/wp\/v2\/comments?post=98790"}],"version-history":[{"count":0,"href":"https:\/\/plazajuarez.mx\/historico\/wp-json\/wp\/v2\/posts\/98790\/revisions"}],"wp:attachment":[{"href":"https:\/\/plazajuarez.mx\/historico\/wp-json\/wp\/v2\/media?parent=98790"}],"wp:term":[{"taxonomy":"category","embeddable":true,"href":"https:\/\/plazajuarez.mx\/historico\/wp-json\/wp\/v2\/categories?post=98790"},{"taxonomy":"post_tag","embeddable":true,"href":"https:\/\/plazajuarez.mx\/historico\/wp-json\/wp\/v2\/tags?post=98790"}],"curies":[{"name":"wp","href":"https:\/\/api.w.org\/{rel}","templated":true}]}}