{"id":98789,"date":"2020-02-06T14:54:59","date_gmt":"2020-02-06T14:54:59","guid":{"rendered":"http:\/\/plazajuarez.mx\/index\/index.php\/2020\/02\/06\/retratos-hablados-924\/"},"modified":"2020-02-06T14:54:59","modified_gmt":"2020-02-06T14:54:59","slug":"retratos-hablados-924","status":"publish","type":"post","link":"https:\/\/plazajuarez.mx\/historico\/retratos-hablados-924\/","title":{"rendered":"RETRATOS HABLADOS  \u00a0"},"content":{"rendered":"<p>\u00a0<\/p>\n<p>El amor nos salvar\u00e1<\/p>\n<ul>\n<li>Aplazamos tanto las cosas cotidianas por algo extraordinario que tal vez nunca llegue\u2026 <!--more--> <\/li>\n<\/ul>\n<p>\u00a0<\/p>\n<p>\u00a0<\/p>\n<p>El escritor ruso Fedor Dostoievski realiz\u00f3 una de las m\u00e1s dram\u00e1ticas, pero hermosas\u00a0 descripciones de lo que piensa un condenado a muerte en \u201cEl Pr\u00edncipe Idiota\u201d. Para que s\u00f3lo en esas circunstancias es posible apreciar la vida, los elementos m\u00e1s simples y no los sue\u00f1os, que de tan grandes, nos hacen aplazar el gozo sencillo de o\u00edr el sonido de una pecera que al final de cuentas se convierte en un manantial particular de esperanza.<\/p>\n<p>\u00a0\u00a0\u00a0\u00a0\u00a0\u00a0\u00a0\u00a0\u00a0\u00a0\u00a0 Aplazamos tanto las cosas cotidianas por algo extraordinario que tal vez nunca llegue, que s\u00f3lo empezamos a entender el valor real de las cosas, cuando nos miramos frente a frente con la posibilidad de que la muerte nos atrape antes de tiempo.<\/p>\n<p>\u00a0\u00a0\u00a0\u00a0\u00a0\u00a0\u00a0\u00a0\u00a0\u00a0\u00a0 Es una reacci\u00f3n com\u00fan de los que son por ejemplo, asaltados en un cami\u00f3n de pasajeros como me toc\u00f3 a mi hace tiempo en la autopista M\u00e9xico-Pachuca, una calle a oscuras, un lugar -el que sea- donde de pronto se tiene la certeza de que ya no habr\u00e1 futuro y pedimos una \u00faltima gracia, oportunidad o como se le quiera llamar, para haber apreciado, aunque fuera una sola vez, lo que pensamos eran simplezas, cosas cotidianas, pero que d\u00eda a d\u00eda construyen los a\u00f1os y la vida entera.<\/p>\n<p>\u00a0\u00a0\u00a0\u00a0\u00a0\u00a0\u00a0\u00a0\u00a0\u00a0\u00a0 Ser\u00e1 preciso rendir respeto a las cosas sencillas, porque sin ellas nada tendr\u00eda sentido.<\/p>\n<p>\u00a0\u00a0\u00a0\u00a0\u00a0\u00a0\u00a0\u00a0\u00a0\u00a0\u00a0 No, no es ni el gran viaje, el salario monumental para comprar qui\u00e9n sabe cu\u00e1ntas cosas. No es sino la voluntad y capacidad de mirar con otros ojos cada instante, cada gesto de las personas que amamos y nos aman con la voluntad que solo tiene la agente que es buena.<\/p>\n<p>\u00a0\u00a0\u00a0\u00a0\u00a0\u00a0\u00a0\u00a0\u00a0\u00a0\u00a0 A cada cual en un espacio de su vida le toca, por accidente, enfermedad o simple tristeza, entender que, efectivamente, Dios siempre tiene un nuevo rayo de sol para cada hombre, pero siempre y cuando est\u00e9 en disposici\u00f3n de mirarlo, sentir su calor, su luz. Y eso es asunto de todos los d\u00edas.<\/p>\n<p>\u00a0\u00a0\u00a0\u00a0\u00a0\u00a0\u00a0\u00a0\u00a0\u00a0\u00a0 El problema es que no pocas ocasiones uno va por la vida con la idea de que la felicidad est\u00e1 peleada con las cosas simples. Y por supuesto que no es as\u00ed.<\/p>\n<p>\u00a0\u00a0\u00a0\u00a0\u00a0\u00a0\u00a0\u00a0\u00a0\u00a0\u00a0 Sucede un milagro cuando se comprenden.<\/p>\n<p>\u00a0\u00a0\u00a0\u00a0\u00a0\u00a0\u00a0\u00a0\u00a0\u00a0\u00a0 Y vaya que es necesario creer en los milagros, aferrarse a ellos y empezar a saber que la gratitud es el primer s\u00edntoma de que se va por buen camino. El que estuvo a la mano desde hace mucho, much\u00edsimo tiempo.<\/p>\n<p>\u00a0\u00a0\u00a0\u00a0\u00a0\u00a0\u00a0\u00a0\u00a0\u00a0\u00a0 Ese milagro eterno, citado en todos los libros que intentan explicar el porqu\u00e9 de la sobrevivencia del genero humano, es el amor. Es posible que uno se vuelva repetitivo en ese asunto, pero la \u00fanica gu\u00eda que tendremos cuando sobrevivamos al destino que pretend\u00eda cerrarnos los ojos para siempre, es el faro luminoso y \u00fanico que nos abraza en momentos dif\u00edciles, que tiene como gu\u00eda el amor.<\/p>\n<p>\u00a0\u00a0\u00a0\u00a0\u00a0\u00a0\u00a0\u00a0\u00a0\u00a0\u00a0 Esa es la \u00fanica realidad.<\/p>\n<p>\u00a0\u00a0\u00a0\u00a0\u00a0\u00a0\u00a0\u00a0\u00a0\u00a0\u00a0 La que tarde o temprano llega, y sorprende, pero por supuesto se agradece.<\/p>\n<p>\u00a0\u00a0\u00a0\u00a0\u00a0\u00a0\u00a0\u00a0\u00a0\u00a0\u00a0<\/p>\n<p>Mil gracias, hasta ma\u00f1ana.<\/p>\n<p>\u00a0<\/p>\n<p>\u00a0\u00a0\u00a0\u00a0\u00a0\u00a0\u00a0\u00a0\u00a0\u00a0\u00a0 jeperalta@plazajuarez.mx\/historico\/historico<\/p>\n<p>\u00a0\u00a0\u00a0\u00a0\u00a0\u00a0\u00a0\u00a0\u00a0\u00a0\u00a0 Twitter: @JavierEPeralta<\/p>\n","protected":false},"excerpt":{"rendered":"<p>\u00a0 El amor nos salvar\u00e1 Aplazamos tanto las cosas cotidianas por algo extraordinario que tal vez nunca llegue\u2026<\/p>\n","protected":false},"author":3,"featured_media":0,"comment_status":"open","ping_status":"open","sticky":false,"template":"","format":"standard","meta":{"footnotes":""},"categories":[42],"tags":[],"class_list":["post-98789","post","type-post","status-publish","format-standard","hentry","category-nuestrapalabra"],"_links":{"self":[{"href":"https:\/\/plazajuarez.mx\/historico\/wp-json\/wp\/v2\/posts\/98789","targetHints":{"allow":["GET"]}}],"collection":[{"href":"https:\/\/plazajuarez.mx\/historico\/wp-json\/wp\/v2\/posts"}],"about":[{"href":"https:\/\/plazajuarez.mx\/historico\/wp-json\/wp\/v2\/types\/post"}],"author":[{"embeddable":true,"href":"https:\/\/plazajuarez.mx\/historico\/wp-json\/wp\/v2\/users\/3"}],"replies":[{"embeddable":true,"href":"https:\/\/plazajuarez.mx\/historico\/wp-json\/wp\/v2\/comments?post=98789"}],"version-history":[{"count":0,"href":"https:\/\/plazajuarez.mx\/historico\/wp-json\/wp\/v2\/posts\/98789\/revisions"}],"wp:attachment":[{"href":"https:\/\/plazajuarez.mx\/historico\/wp-json\/wp\/v2\/media?parent=98789"}],"wp:term":[{"taxonomy":"category","embeddable":true,"href":"https:\/\/plazajuarez.mx\/historico\/wp-json\/wp\/v2\/categories?post=98789"},{"taxonomy":"post_tag","embeddable":true,"href":"https:\/\/plazajuarez.mx\/historico\/wp-json\/wp\/v2\/tags?post=98789"}],"curies":[{"name":"wp","href":"https:\/\/api.w.org\/{rel}","templated":true}]}}