{"id":98787,"date":"2020-02-06T14:51:38","date_gmt":"2020-02-06T14:51:38","guid":{"rendered":"http:\/\/plazajuarez.mx\/index\/index.php\/2020\/02\/06\/conmemoran-el-dia-de-la-promulgacion-de-la-constitucion\/"},"modified":"2020-02-06T14:51:38","modified_gmt":"2020-02-06T14:51:38","slug":"conmemoran-el-dia-de-la-promulgacion-de-la-constitucion","status":"publish","type":"post","link":"https:\/\/plazajuarez.mx\/historico\/conmemoran-el-dia-de-la-promulgacion-de-la-constitucion\/","title":{"rendered":"Conmemoran el d\u00eda de la promulgaci\u00f3n de la Constituci\u00f3n"},"content":{"rendered":"<p>\u00a0<\/p>\n<p>En representaci\u00f3n del gobernador Omar Fayad, la titular de la Secretar\u00eda del Trabajo y Previsi\u00f3n Social de Hidalgo, Mar\u00eda de los \u00c1ngeles Eguiluz Tapia, encabez\u00f3 la ceremonia por el 103 Aniversario de la Constituci\u00f3n Pol\u00edtica de los Estados Unidos Mexicanos de 1917.<\/p>\n<p>  <!--more-->  <\/p>\n<p>Durante su mensaje ante estudiantes, juristas y representantes de los diferentes poderes del Estado, destac\u00f3 los valores como la soberan\u00eda, la libertad y la justicia; as\u00ed como los principios de democracia e igualdad que la caracterizan, los cuales se han conservado a lo largo del tiempo, gracias a reformas importantes como la Laboral, en la que Hidalgo se encuentra a la vanguardia en su implementaci\u00f3n.<\/p>\n","protected":false},"excerpt":{"rendered":"<p>\u00a0 En representaci\u00f3n del gobernador Omar Fayad, la titular de la Secretar\u00eda del Trabajo y Previsi\u00f3n Social de Hidalgo, Mar\u00eda de los \u00c1ngeles Eguiluz Tapia, encabez\u00f3 la ceremonia por el 103 Aniversario de la Constituci\u00f3n Pol\u00edtica de los Estados Unidos Mexicanos de 1917.<\/p>\n","protected":false},"author":3,"featured_media":0,"comment_status":"open","ping_status":"open","sticky":false,"template":"","format":"standard","meta":{"footnotes":""},"categories":[59],"tags":[],"class_list":["post-98787","post","type-post","status-publish","format-standard","hentry","category-general"],"_links":{"self":[{"href":"https:\/\/plazajuarez.mx\/historico\/wp-json\/wp\/v2\/posts\/98787","targetHints":{"allow":["GET"]}}],"collection":[{"href":"https:\/\/plazajuarez.mx\/historico\/wp-json\/wp\/v2\/posts"}],"about":[{"href":"https:\/\/plazajuarez.mx\/historico\/wp-json\/wp\/v2\/types\/post"}],"author":[{"embeddable":true,"href":"https:\/\/plazajuarez.mx\/historico\/wp-json\/wp\/v2\/users\/3"}],"replies":[{"embeddable":true,"href":"https:\/\/plazajuarez.mx\/historico\/wp-json\/wp\/v2\/comments?post=98787"}],"version-history":[{"count":0,"href":"https:\/\/plazajuarez.mx\/historico\/wp-json\/wp\/v2\/posts\/98787\/revisions"}],"wp:attachment":[{"href":"https:\/\/plazajuarez.mx\/historico\/wp-json\/wp\/v2\/media?parent=98787"}],"wp:term":[{"taxonomy":"category","embeddable":true,"href":"https:\/\/plazajuarez.mx\/historico\/wp-json\/wp\/v2\/categories?post=98787"},{"taxonomy":"post_tag","embeddable":true,"href":"https:\/\/plazajuarez.mx\/historico\/wp-json\/wp\/v2\/tags?post=98787"}],"curies":[{"name":"wp","href":"https:\/\/api.w.org\/{rel}","templated":true}]}}