{"id":98786,"date":"2020-02-05T23:56:57","date_gmt":"2020-02-05T23:56:57","guid":{"rendered":"http:\/\/plazajuarez.mx\/index\/index.php\/2020\/02\/05\/muere-el-actor-kirk-douglas-a-los-103-anos-de-edad\/"},"modified":"2020-02-05T23:56:57","modified_gmt":"2020-02-05T23:56:57","slug":"muere-el-actor-kirk-douglas-a-los-103-anos-de-edad","status":"publish","type":"post","link":"https:\/\/plazajuarez.mx\/historico\/muere-el-actor-kirk-douglas-a-los-103-anos-de-edad\/","title":{"rendered":"Muere el actor Kirk Douglas a los 103 a\u00f1os de edad"},"content":{"rendered":"<p>El actor Michael Douglas dio a conocer la noticia.  <!--more--> <\/p>\n<p>  La estrella de cine Kirk Douglas, padre de Michael Douglas, muri\u00f3 este mi\u00e9rcoles a los 103 a\u00f1os de edad.<\/p>\n<p>  &#8220;Con tremenda tristeza, mis hermanos y yo anunciamos que Kirk Douglas nos dej\u00f3 hoy a la edad de 103 a\u00f1os&#8221;, asegur\u00f3 uno de sus hijos, el tambi\u00e9n actor Michael Douglas, en una nota difundida por la revista People.<\/p>\n<p>  El pasado 9 de diciembre el \u00faltimo superviviente de los iconos masculinos de la edad de oro de Hollywood cumpli\u00f3 los 103 a\u00f1os rodeado de su familia.<\/p>\n<p>  En esa ocasi\u00f3n, su hijo Michael Douglas, esposo de Catherine Zeta-Jones, sostuvo que cuando su pap\u00e1 super\u00f3 el siglo de vida, la familia pens\u00f3 que cada a\u00f1o nuevo merecer\u00eda ser celebrado por todo lo alto.<\/p>\n<p>\n","protected":false},"excerpt":{"rendered":"<p>El actor Michael Douglas dio a conocer la noticia.<\/p>\n","protected":false},"author":6,"featured_media":0,"comment_status":"open","ping_status":"open","sticky":false,"template":"","format":"standard","meta":{"footnotes":""},"categories":[38],"tags":[],"class_list":["post-98786","post","type-post","status-publish","format-standard","hentry","category-show"],"_links":{"self":[{"href":"https:\/\/plazajuarez.mx\/historico\/wp-json\/wp\/v2\/posts\/98786","targetHints":{"allow":["GET"]}}],"collection":[{"href":"https:\/\/plazajuarez.mx\/historico\/wp-json\/wp\/v2\/posts"}],"about":[{"href":"https:\/\/plazajuarez.mx\/historico\/wp-json\/wp\/v2\/types\/post"}],"author":[{"embeddable":true,"href":"https:\/\/plazajuarez.mx\/historico\/wp-json\/wp\/v2\/users\/6"}],"replies":[{"embeddable":true,"href":"https:\/\/plazajuarez.mx\/historico\/wp-json\/wp\/v2\/comments?post=98786"}],"version-history":[{"count":0,"href":"https:\/\/plazajuarez.mx\/historico\/wp-json\/wp\/v2\/posts\/98786\/revisions"}],"wp:attachment":[{"href":"https:\/\/plazajuarez.mx\/historico\/wp-json\/wp\/v2\/media?parent=98786"}],"wp:term":[{"taxonomy":"category","embeddable":true,"href":"https:\/\/plazajuarez.mx\/historico\/wp-json\/wp\/v2\/categories?post=98786"},{"taxonomy":"post_tag","embeddable":true,"href":"https:\/\/plazajuarez.mx\/historico\/wp-json\/wp\/v2\/tags?post=98786"}],"curies":[{"name":"wp","href":"https:\/\/api.w.org\/{rel}","templated":true}]}}