{"id":98688,"date":"2020-02-04T15:03:29","date_gmt":"2020-02-04T15:03:29","guid":{"rendered":"http:\/\/plazajuarez.mx\/index\/index.php\/2020\/02\/04\/el-complicado-calendario-del-america-en-febrero-y-marzo\/"},"modified":"2020-02-04T15:03:29","modified_gmt":"2020-02-04T15:03:29","slug":"el-complicado-calendario-del-america-en-febrero-y-marzo","status":"publish","type":"post","link":"https:\/\/plazajuarez.mx\/historico\/el-complicado-calendario-del-america-en-febrero-y-marzo\/","title":{"rendered":"El complicado calendario del Am\u00e9rica en febrero y marzo"},"content":{"rendered":"<p>#HOY LAS \u00c1GUILAS JUGAR\u00c1N ANTE EL PUEBLA <\/p>\n<p>\u00a0\u00a0 \u00a0\u2022\u00a0\u00a0 \u00a0Las \u00c1guilas iniciaron febrero con un tropiezo ante el FC Ju\u00e1rez (1-3) y retomar\u00e1n la actividad hoy, en su visita al Puebla\u00a0 a las 20:30 horas\u00a0\u2028<\/p>\n<p>  <!--more-->  <\/p>\n<p>(EL UNIVERSAL).- Con m\u00faltiples bajas y un golpe moral por su primera derrota del torneo, el Am\u00e9rica mira los meses de febrero y marzo con una pesada agenda entre las manos.<br \/>Las \u00c1guilas iniciaron febrero con un tropiezo ante el FC Ju\u00e1rez (1-3) y retomar\u00e1n la actividad hoy, en su visita al Puebla por el duelo pendiente de la J-1.<br \/>El domingo 9, Miguel Herrera y su plantilla van por su tercer juego como visitantes contra el subl\u00edder Quer\u00e9taro. Y el s\u00e1bado 15, el Am\u00e9rica recibir\u00e1 al Atlas, en la sexta fecha del Clausura 2020.<br \/>Luego, las \u00c1guilas &#8211; con la posibilidad de integrar a la acci\u00f3n al refuerzo Santiago C\u00e1seres- volar\u00e1n a Guatemala, para jugar los octavos de final de la Liga de Campeones de la Concacaf, contra el Comunicaciones FC, el mi\u00e9rcoles 19.<br \/>Al regresar a M\u00e9xico, los azulcrema preparar\u00e1n su reencuentro con el Monterrey, con quien perdieron la final del Apertura 2019. Los capitalinos de nueva cuenta tomar\u00e1n un avi\u00f3n para plantarse en el estadio BBVA el 22 de febrero.<br \/>En este lapso, el &#8220;Piojo&#8221; ya contar\u00eda con Federico Vi\u00f1as, Sebasti\u00e1n C\u00e1ceres y Nicol\u00e1s Benedetti tras su participaci\u00f3n en el Preol\u00edmpico de la Conmebol.<br \/>A mitad de semana (d\u00eda 26) resuelven los octavos de final de la &#8220;Concachampions&#8221;, con la vuelta en el estadio Azteca.<br \/>Y cierran el mes como locales, contra el Necaxa en la Liga MX, el s\u00e1bado 29.<br \/>Para marzo, la plantilla del t\u00e9cnico Miguel Herrera sostendr\u00e1 tres partidos de Liga MX, contra rivales de alta intensidad: Pumas (8 de marzo), Cruz Azul (15) y Le\u00f3n (21).<br \/>Y si los pron\u00f3sticos se cumplen en la &#8220;Concachampions&#8221;, las \u00c1guilas jugar\u00edan los cuartos de final entre el 17-18-19 la ida y 24-25-26 la vuelta.<br \/>Adem\u00e1s, en la fecha FIFA de marzo repetir\u00e1n cl\u00e1sico ante los Pumas, con un amistoso en suelo estadounidense.<\/p>\n","protected":false},"excerpt":{"rendered":"<p>#HOY LAS \u00c1GUILAS JUGAR\u00c1N ANTE EL PUEBLA \u00a0\u00a0 \u00a0\u2022\u00a0\u00a0 \u00a0Las \u00c1guilas iniciaron febrero con un tropiezo ante el FC Ju\u00e1rez (1-3) y retomar\u00e1n la actividad hoy, en su visita al Puebla\u00a0 a las 20:30 horas\u00a0\u2028<\/p>\n","protected":false},"author":93,"featured_media":0,"comment_status":"open","ping_status":"open","sticky":false,"template":"","format":"standard","meta":{"footnotes":""},"categories":[39],"tags":[],"class_list":["post-98688","post","type-post","status-publish","format-standard","hentry","category-deportiva"],"_links":{"self":[{"href":"https:\/\/plazajuarez.mx\/historico\/wp-json\/wp\/v2\/posts\/98688","targetHints":{"allow":["GET"]}}],"collection":[{"href":"https:\/\/plazajuarez.mx\/historico\/wp-json\/wp\/v2\/posts"}],"about":[{"href":"https:\/\/plazajuarez.mx\/historico\/wp-json\/wp\/v2\/types\/post"}],"author":[{"embeddable":true,"href":"https:\/\/plazajuarez.mx\/historico\/wp-json\/wp\/v2\/users\/93"}],"replies":[{"embeddable":true,"href":"https:\/\/plazajuarez.mx\/historico\/wp-json\/wp\/v2\/comments?post=98688"}],"version-history":[{"count":0,"href":"https:\/\/plazajuarez.mx\/historico\/wp-json\/wp\/v2\/posts\/98688\/revisions"}],"wp:attachment":[{"href":"https:\/\/plazajuarez.mx\/historico\/wp-json\/wp\/v2\/media?parent=98688"}],"wp:term":[{"taxonomy":"category","embeddable":true,"href":"https:\/\/plazajuarez.mx\/historico\/wp-json\/wp\/v2\/categories?post=98688"},{"taxonomy":"post_tag","embeddable":true,"href":"https:\/\/plazajuarez.mx\/historico\/wp-json\/wp\/v2\/tags?post=98688"}],"curies":[{"name":"wp","href":"https:\/\/api.w.org\/{rel}","templated":true}]}}