{"id":98682,"date":"2020-02-04T15:03:25","date_gmt":"2020-02-04T15:03:25","guid":{"rendered":"http:\/\/plazajuarez.mx\/index\/index.php\/2020\/02\/04\/otra-renuncia-en-el-pri\/"},"modified":"2020-02-04T15:03:25","modified_gmt":"2020-02-04T15:03:25","slug":"otra-renuncia-en-el-pri","status":"publish","type":"post","link":"https:\/\/plazajuarez.mx\/historico\/otra-renuncia-en-el-pri\/","title":{"rendered":"\u00a1Otra renuncia en el PRI!"},"content":{"rendered":"<p>Buscar\u00e1 la candidatura a la alcald\u00eda<\/p>\n<p>\u00a0\u00a0 \u00a0\u2022\u00a0\u00a0 \u00a0Ahora se trata del ex dirigente municipal en Tula, Octavio Maga\u00f1a; se va al PVEM\u00a0\u2028<br \/>Dice que se va agradecido de los espacios y oportunidades que le dieron.<\/p>\n<p>  <!--more-->  <\/p>\n<p>El ex dirigente municipal del PRI en Tula, Octavo Maga\u00f1a Soto, renunci\u00f3 al partido en el que milit\u00f3 16 a\u00f1os, para incorporarse a las filas del Partido Verde Ecologista de M\u00e9xico, desde donde buscar\u00e1 la candidatura a presidente municipal de la ciudad de los atlantes.<br \/>El tambi\u00e9n ex secretario general municipal de Tula y ex candidato suplente a diputado del PRI-PVEM dijo que la decisi\u00f3n es una cuesti\u00f3n personal, pero que no siempre las circunstancias de un militante que se separa es por cosas malas o por\u00a0 personas, sino que por el contrario se va agradecido de los espacios y oportunidades que le dieron.<br \/>Asegura que su mayor objetivo es seguir colaborando desde la trinchera de quien en su momento le d\u00e9 esa alternativa para sumar voluntades, debido a que la pol\u00edtica actualmente ha cambiado y que los colores y los partidos juegan otro plano dentro de la pol\u00edtica y se privilegia a las personas y que eso beneficia a la ciudadan\u00eda.<br \/>Recalc\u00f3 que desde el PVEM, que le ha abierto las puertas, buscar\u00e1 afianzar proyectos futuros para su regi\u00f3n y su municipio y que incluso el instituto pol\u00edtico del que ya es delegado distrital federal, tiene miras fortalecer el partido para el proceso electoral de elecci\u00f3n de presidentes municipales en Hidalgo.<br \/>Consider\u00f3 que los partidos, la mayor\u00eda en su creaci\u00f3n, est\u00e1n bien planeados sobre sus objetivos, pero que en su momento quienes han cometido errores son las personas, \u201ceso hace que unos vayan heredando los errores de otros, entonces la\u00a0 ciudadan\u00eda va reprochando los errores de otros\u00a0 y eso pasa en todos los partidos\u201d.<\/p>\n","protected":false},"excerpt":{"rendered":"<p>Buscar\u00e1 la candidatura a la alcald\u00eda \u00a0\u00a0 \u00a0\u2022\u00a0\u00a0 \u00a0Ahora se trata del ex dirigente municipal en Tula, Octavio Maga\u00f1a; se va al PVEM\u00a0\u2028Dice que se va agradecido de los espacios y oportunidades que le dieron.<\/p>\n","protected":false},"author":93,"featured_media":0,"comment_status":"open","ping_status":"open","sticky":false,"template":"","format":"standard","meta":{"footnotes":""},"categories":[40],"tags":[],"class_list":["post-98682","post","type-post","status-publish","format-standard","hentry","category-region"],"_links":{"self":[{"href":"https:\/\/plazajuarez.mx\/historico\/wp-json\/wp\/v2\/posts\/98682","targetHints":{"allow":["GET"]}}],"collection":[{"href":"https:\/\/plazajuarez.mx\/historico\/wp-json\/wp\/v2\/posts"}],"about":[{"href":"https:\/\/plazajuarez.mx\/historico\/wp-json\/wp\/v2\/types\/post"}],"author":[{"embeddable":true,"href":"https:\/\/plazajuarez.mx\/historico\/wp-json\/wp\/v2\/users\/93"}],"replies":[{"embeddable":true,"href":"https:\/\/plazajuarez.mx\/historico\/wp-json\/wp\/v2\/comments?post=98682"}],"version-history":[{"count":0,"href":"https:\/\/plazajuarez.mx\/historico\/wp-json\/wp\/v2\/posts\/98682\/revisions"}],"wp:attachment":[{"href":"https:\/\/plazajuarez.mx\/historico\/wp-json\/wp\/v2\/media?parent=98682"}],"wp:term":[{"taxonomy":"category","embeddable":true,"href":"https:\/\/plazajuarez.mx\/historico\/wp-json\/wp\/v2\/categories?post=98682"},{"taxonomy":"post_tag","embeddable":true,"href":"https:\/\/plazajuarez.mx\/historico\/wp-json\/wp\/v2\/tags?post=98682"}],"curies":[{"name":"wp","href":"https:\/\/api.w.org\/{rel}","templated":true}]}}