{"id":98681,"date":"2020-02-04T15:03:24","date_gmt":"2020-02-04T15:03:24","guid":{"rendered":"http:\/\/plazajuarez.mx\/index\/index.php\/2020\/02\/04\/homenaje-postumo-a-gerardo-de-jesus-olvera\/"},"modified":"2020-02-04T15:03:24","modified_gmt":"2020-02-04T15:03:24","slug":"homenaje-postumo-a-gerardo-de-jesus-olvera","status":"publish","type":"post","link":"https:\/\/plazajuarez.mx\/historico\/homenaje-postumo-a-gerardo-de-jesus-olvera\/","title":{"rendered":"Homenaje p\u00f3stumo a Gerardo de Jes\u00fas Olvera"},"content":{"rendered":"<p>\u00a0\u00a0\u00a0 \u2022\u00a0\u00a0 \u00a0El oficial de polic\u00eda muri\u00f3 baleado, en cumplimiento de su deber, la madrugada del domingo\u00a0\u00a0\u2028<br \/>\u00c9l y su compa\u00f1ero (quien result\u00f3 lesionado), realizaban recorridos de vigilancia sobre la carretera Tula-Jorobas<\/p>\n<p>  <!--more-->  <\/p>\n<p>Sentido homenaje p\u00f3stumo se llev\u00f3 a cabo ayer, en la Secretar\u00eda de Seguridad P\u00fablica de Tula, para darle el \u00faltimo adi\u00f3s al oficial de polic\u00eda Gerardo de Jes\u00fas Olvera Cebri\u00e1n quien perdi\u00f3 la vida en cumplimiento del deber, al ser baleado junto con otro uniformado que result\u00f3 lesionado, cuando realizaban recorridos de vigilancia sobre la carretera Tula-Jorobas a la altura del Llano Segunda Secci\u00f3n la madrugada del domingo.<br \/>Ante el desconsuelo de su se\u00f1ora madre Magda Esther Cebri\u00e1n, su esposa, su peque\u00f1o hijo, dem\u00e1s familiares y de sus compa\u00f1eros oficiales de las distintas corporaciones policiacas de los tres niveles de gobierno, se rindi\u00f3 el sentido homenaje al uniformado de 24 a\u00f1os de edad quien ten\u00eda poco m\u00e1s de dos a\u00f1os de pertenecer a la corporaci\u00f3n policiaca y donde se reconoci\u00f3 se distingui\u00f3 por ser un buen elemento policiaco que entreg\u00f3 su vida para resguardar la seguridad de la poblaci\u00f3n.<br \/>El alcalde, Gadoth Tapia Ben\u00edtez, antes de emitir su mensaje se dirigi\u00f3 a abrazar la familia del polic\u00eda ca\u00eddo para expresarles su solidaridad y su total apoyo, \u201cTula est\u00e1 de luto y est\u00e1 triste\u201d.<br \/>Visiblemente afectado, el alcalde record\u00f3 que \u201cCebri\u00e1n\u201d, como sus compa\u00f1eros lo llamaban, ten\u00eda unos meses de haber concluido su maestr\u00eda y que era un elemento por vocaci\u00f3n al pertenecer a una familia vinculada a la seguridad ciudadana.<br \/>Agradeci\u00f3 la presencia de todas las corporaciones de los tres niveles de gobierno que se dieron cita para despedir al oficial. Reconoci\u00f3 que no es f\u00e1cil ser polic\u00eda, pero que Gerardo se hab\u00eda preparado para ser uno de los mejores polic\u00edas.<br \/>Solidaridad, apoyo y respaldo a la familia, porque es lo menos que se merece un hombre como Gerardo Jes\u00fas y que el Ayuntamiento no puede dejar pasar este hecho como una estad\u00edstica m\u00e1s, al tiempo que se mostr\u00f3 confiado de que se va a dar con los responsables y se les aplique todo el peso de la ley con un castigo en\u00e9rgico por una actitud tan ruin y tan cobarde.<br \/>Pidi\u00f3 a los elementos de la polic\u00eda de todos los \u00f3rdenes que por Gerardo cada uno haga su trabajo con el mayor esfuerzo e \u00edmpetu y con esa vocaci\u00f3n que no cualquiera tiene, solamente quienes portan con gran valent\u00eda, honor y lealtad el uniforme de polic\u00eda.\u00a0\u00a0\u00a0 <\/p>\n","protected":false},"excerpt":{"rendered":"<p>\u00a0\u00a0\u00a0 \u2022\u00a0\u00a0 \u00a0El oficial de polic\u00eda muri\u00f3 baleado, en cumplimiento de su deber, la madrugada del domingo\u00a0\u00a0\u2028\u00c9l y su compa\u00f1ero (quien result\u00f3 lesionado), realizaban recorridos de vigilancia sobre la carretera Tula-Jorobas<\/p>\n","protected":false},"author":93,"featured_media":0,"comment_status":"open","ping_status":"open","sticky":false,"template":"","format":"standard","meta":{"footnotes":""},"categories":[40],"tags":[],"class_list":["post-98681","post","type-post","status-publish","format-standard","hentry","category-region"],"_links":{"self":[{"href":"https:\/\/plazajuarez.mx\/historico\/wp-json\/wp\/v2\/posts\/98681","targetHints":{"allow":["GET"]}}],"collection":[{"href":"https:\/\/plazajuarez.mx\/historico\/wp-json\/wp\/v2\/posts"}],"about":[{"href":"https:\/\/plazajuarez.mx\/historico\/wp-json\/wp\/v2\/types\/post"}],"author":[{"embeddable":true,"href":"https:\/\/plazajuarez.mx\/historico\/wp-json\/wp\/v2\/users\/93"}],"replies":[{"embeddable":true,"href":"https:\/\/plazajuarez.mx\/historico\/wp-json\/wp\/v2\/comments?post=98681"}],"version-history":[{"count":0,"href":"https:\/\/plazajuarez.mx\/historico\/wp-json\/wp\/v2\/posts\/98681\/revisions"}],"wp:attachment":[{"href":"https:\/\/plazajuarez.mx\/historico\/wp-json\/wp\/v2\/media?parent=98681"}],"wp:term":[{"taxonomy":"category","embeddable":true,"href":"https:\/\/plazajuarez.mx\/historico\/wp-json\/wp\/v2\/categories?post=98681"},{"taxonomy":"post_tag","embeddable":true,"href":"https:\/\/plazajuarez.mx\/historico\/wp-json\/wp\/v2\/tags?post=98681"}],"curies":[{"name":"wp","href":"https:\/\/api.w.org\/{rel}","templated":true}]}}