{"id":98679,"date":"2020-02-04T15:03:15","date_gmt":"2020-02-04T15:03:15","guid":{"rendered":"http:\/\/plazajuarez.mx\/index\/index.php\/2020\/02\/04\/instauran-programa-de-educacion-superior-incluyente-en-la-utvm\/"},"modified":"2020-02-04T15:03:15","modified_gmt":"2020-02-04T15:03:15","slug":"instauran-programa-de-educacion-superior-incluyente-en-la-utvm","status":"publish","type":"post","link":"https:\/\/plazajuarez.mx\/historico\/instauran-programa-de-educacion-superior-incluyente-en-la-utvm\/","title":{"rendered":"Instauran Programa de Educaci\u00f3n Superior Incluyente en la UTVM"},"content":{"rendered":"<p>Es para j\u00f3venes con discapacidad<\/p>\n<p>\u00a0\u00a0 \u00a0\u2022\u00a0\u00a0 \u00a0El rector destac\u00f3 que gracias a las acciones y apoyo del gobernador, la educaci\u00f3n inclusiva en el estado se fortalece\u00a0\u2028<br \/>Se conformaron academias estatales en las que participan todos los niveles educativos\u00a0 <\/p>\n<p>  <!--more-->  <\/p>\n<p>Con el prop\u00f3sito de impulsar la educaci\u00f3n superior de calidad, as\u00ed como de promover la equidad e igualdad de oportunidades, la Universidad Tecnol\u00f3gica del Valle del Mezquital (UTVM) cuenta con el Programa de Educaci\u00f3n Superior Incluyente para j\u00f3venes con discapacidad motriz, visual y\/o auditiva.<br \/>Este programa inici\u00f3 sus actividades en 2013 y ha formado a 27 j\u00f3venes como T\u00e9cnico Superior Universitario (TSU), ingenieros o licenciados, destac\u00f3 el rector de la UTVM, Marco Ocadiz.<br \/>Dijo que el modelo pedag\u00f3gico desarrollado permite que los estudiantes se incorporen a grupos regulares con el apoyo de un par acad\u00e9mico que funge como asesor, y de manera particular los estudiantes sordos cuentan con el apoyo de un int\u00e9rprete de Lenguaje de Se\u00f1as Mexicana (LSM).<br \/>Cabe destacar que este programa ha mostrado buenos resultados al ser la UTVM la \u00fanica instituci\u00f3n de educaci\u00f3n superior en el Estado en ofertar este tipo de programas de formaci\u00f3n profesional.<br \/>Asimismo, este modelo incluyente se fortalece mediante la vinculaci\u00f3n con el sector social y productivo favoreciendo la inserci\u00f3n laboral de los egresados al sector productivo.<\/p>\n","protected":false},"excerpt":{"rendered":"<p>Es para j\u00f3venes con discapacidad \u00a0\u00a0 \u00a0\u2022\u00a0\u00a0 \u00a0El rector destac\u00f3 que gracias a las acciones y apoyo del gobernador, la educaci\u00f3n inclusiva en el estado se fortalece\u00a0\u2028Se conformaron academias estatales en las que participan todos los niveles educativos\u00a0<\/p>\n","protected":false},"author":93,"featured_media":0,"comment_status":"open","ping_status":"open","sticky":false,"template":"","format":"standard","meta":{"footnotes":""},"categories":[40],"tags":[],"class_list":["post-98679","post","type-post","status-publish","format-standard","hentry","category-region"],"_links":{"self":[{"href":"https:\/\/plazajuarez.mx\/historico\/wp-json\/wp\/v2\/posts\/98679","targetHints":{"allow":["GET"]}}],"collection":[{"href":"https:\/\/plazajuarez.mx\/historico\/wp-json\/wp\/v2\/posts"}],"about":[{"href":"https:\/\/plazajuarez.mx\/historico\/wp-json\/wp\/v2\/types\/post"}],"author":[{"embeddable":true,"href":"https:\/\/plazajuarez.mx\/historico\/wp-json\/wp\/v2\/users\/93"}],"replies":[{"embeddable":true,"href":"https:\/\/plazajuarez.mx\/historico\/wp-json\/wp\/v2\/comments?post=98679"}],"version-history":[{"count":0,"href":"https:\/\/plazajuarez.mx\/historico\/wp-json\/wp\/v2\/posts\/98679\/revisions"}],"wp:attachment":[{"href":"https:\/\/plazajuarez.mx\/historico\/wp-json\/wp\/v2\/media?parent=98679"}],"wp:term":[{"taxonomy":"category","embeddable":true,"href":"https:\/\/plazajuarez.mx\/historico\/wp-json\/wp\/v2\/categories?post=98679"},{"taxonomy":"post_tag","embeddable":true,"href":"https:\/\/plazajuarez.mx\/historico\/wp-json\/wp\/v2\/tags?post=98679"}],"curies":[{"name":"wp","href":"https:\/\/api.w.org\/{rel}","templated":true}]}}