{"id":98677,"date":"2020-02-04T15:03:13","date_gmt":"2020-02-04T15:03:13","guid":{"rendered":"http:\/\/plazajuarez.mx\/index\/index.php\/2020\/02\/04\/pandemias-historias-apocalipsis\/"},"modified":"2020-02-04T15:03:13","modified_gmt":"2020-02-04T15:03:13","slug":"pandemias-historias-apocalipsis","status":"publish","type":"post","link":"https:\/\/plazajuarez.mx\/historico\/pandemias-historias-apocalipsis\/","title":{"rendered":"Pandemias, historias, apocalipsis"},"content":{"rendered":"<p>LAGUNA DE VOCES<br \/>\u00a0\u00a0 \u00a0\u2022\u00a0\u00a0 \u00a0Desde siempre estamos acostumbrados a mirar el fin en cada esquina\u2028<\/p>\n<p>  <!--more-->  <\/p>\n<p>Ahora no pasa un lustro sin que aparezca en el horizonte alguna posible raz\u00f3n para que la vida se acabe en el mundo. Esta vez la pandemia del coronavirus, ma\u00f1ana ser\u00e1 otra m\u00e1s agresiva y mortal (si es que \u00e9sta no es la definitiva al salir de las manos que debieran controlarla); despu\u00e9s vendr\u00e1 el fin definitivo y extinguida la raza humana tendr\u00e1 que volver a empezar la historia en que el verbo crea de nueva cuenta al pobre poblador de un planeta condenado desde su nacimiento a la destrucci\u00f3n. Morir\u00e1n los que se cruzan en la escenograf\u00eda de los Continentes, se ir\u00e1n para dejar en claro que todo llega a su fin, porque as\u00ed debe ser para que con la desaparici\u00f3n de los que construyeron una historia que se pensaba imborrable, indeleble, blindada contra la desmemoria, se ponga en marcha por en\u00e9sima ocasi\u00f3n la rueda de las apariencias.<br \/>\u00a0\u00a0 \u00a0Desde siempre estamos acostumbrados a mirar el fin en cada esquina, a guardar la respiraci\u00f3n porque en estos tiempos la muerte llega a trav\u00e9s del aire\u00a0 no de lluvia de fuego o mares enloquecidos. Es el aire lo de hoy, el vecino de oficina, de transporte quien amenaza con envenenarnos a trav\u00e9s de su saliva diab\u00f3lica.<br \/>\u00a0\u00a0 \u00a0Siempre a punto de partir, del \u00faltimo adi\u00f3s; siempre tambi\u00e9n presa de los cielos porque hoy tambi\u00e9n surcan el espacio b\u00f3lidos criminales que aplastar\u00e1n la historia de una raza que juraba eternidades, y se fue tan de pronto como vino.<br \/>\u00a0\u00a0 \u00a0Pero hoy es asunto de pandemias, de las enfermedades antes solucionadas con un ung\u00fcento puesto en pecho y espalda, y que hoy de pronto inundan los pulmones, los taponean, nos recetan algo similar a la silicosis de los ex mineros, y ahogan en vida a los que caen presos del infausto destino.<br \/>\u00a0\u00a0 \u00a0Surgir\u00e1n m\u00e1s enfermedades, m\u00e1s jinetes iracundos del apocalipsis; nos perdonar\u00e1n la vida a los que aguantemos los embates de la tos y los pulmones que se salen de la caverna en que se convierte el pecho con badajos que retumban y lastiman la realidad tambaleante y sin sentido.<br \/>\u00a0\u00a0 \u00a0Pandemia de este siglo, pandemia que en los hombres de poder es la estupidez, la imbecilidad, la incapacidad para no entender, no aceptar que la historia debiera ense\u00f1ar que nadie tiene la raz\u00f3n, que no hay verdades absolutas, que son inventos para establecer la mentira de que unos nacen condenados a la miseria y otros a todo lo contrario.<br \/>\u00a0\u00a0 \u00a0Hay una nueva amenaza pero sabemos que habr\u00e1 sobrevivientes, que con pocos se volver\u00e1 a construir la raza humana.<br \/>\u00a0\u00a0 \u00a0Pero lo dem\u00e1s seguir\u00e1 tambi\u00e9n.<br \/>\u00a0\u00a0 \u00a0Y esto tiene que ver con la eterna lucha por el poder, el eterno enga\u00f1o de los que aseguran su dinast\u00eda hasta la eternidad porque as\u00ed lo decidi\u00f3 el cielo y el infierno.<br \/>\u00a0\u00a0 \u00a0Todo es un cuento sin hadas, pero s\u00ed plagado de miedo que tanto sirve para que nadie alce la cara, mire a los ojos y escupa al que pretende enga\u00f1arlos con lo mismo que timaron a su abuelo, a su bisabuelo.<br \/>\u00a0\u00a0 \u00a0Hace fr\u00edo sin embargo y eso garantiza algo de realidad, razones para que los pulmones se empapen de agua, de agua espesa y amarillenta, hasta que un d\u00eda se ponchen como globos.<br \/>\u00a0\u00a0 \u00a0Hay las mismas condiciones que cuando nacimos como raza humana.<\/p>\n<p>Mil gracias, hasta ma\u00f1ana.<\/p>\n<p>jeperalta@plazajuarez.mx\/historico\/historico<br \/>@JavierEPeralta<br \/>\u00a0\u00a0 \u00a0<\/p>\n","protected":false},"excerpt":{"rendered":"<p>LAGUNA DE VOCES\u00a0\u00a0 \u00a0\u2022\u00a0\u00a0 \u00a0Desde siempre estamos acostumbrados a mirar el fin en cada esquina\u2028<\/p>\n","protected":false},"author":93,"featured_media":0,"comment_status":"open","ping_status":"open","sticky":false,"template":"","format":"standard","meta":{"footnotes":""},"categories":[49],"tags":[],"class_list":["post-98677","post","type-post","status-publish","format-standard","hentry","category-javier-peralta"],"_links":{"self":[{"href":"https:\/\/plazajuarez.mx\/historico\/wp-json\/wp\/v2\/posts\/98677","targetHints":{"allow":["GET"]}}],"collection":[{"href":"https:\/\/plazajuarez.mx\/historico\/wp-json\/wp\/v2\/posts"}],"about":[{"href":"https:\/\/plazajuarez.mx\/historico\/wp-json\/wp\/v2\/types\/post"}],"author":[{"embeddable":true,"href":"https:\/\/plazajuarez.mx\/historico\/wp-json\/wp\/v2\/users\/93"}],"replies":[{"embeddable":true,"href":"https:\/\/plazajuarez.mx\/historico\/wp-json\/wp\/v2\/comments?post=98677"}],"version-history":[{"count":0,"href":"https:\/\/plazajuarez.mx\/historico\/wp-json\/wp\/v2\/posts\/98677\/revisions"}],"wp:attachment":[{"href":"https:\/\/plazajuarez.mx\/historico\/wp-json\/wp\/v2\/media?parent=98677"}],"wp:term":[{"taxonomy":"category","embeddable":true,"href":"https:\/\/plazajuarez.mx\/historico\/wp-json\/wp\/v2\/categories?post=98677"},{"taxonomy":"post_tag","embeddable":true,"href":"https:\/\/plazajuarez.mx\/historico\/wp-json\/wp\/v2\/tags?post=98677"}],"curies":[{"name":"wp","href":"https:\/\/api.w.org\/{rel}","templated":true}]}}