{"id":98676,"date":"2020-02-04T15:03:13","date_gmt":"2020-02-04T15:03:13","guid":{"rendered":"http:\/\/plazajuarez.mx\/index\/index.php\/2020\/02\/04\/estados-unidos-las-esperanzas-de-mexico-fincadas-en-un-espejismo-coyuntural\/"},"modified":"2020-02-04T15:03:13","modified_gmt":"2020-02-04T15:03:13","slug":"estados-unidos-las-esperanzas-de-mexico-fincadas-en-un-espejismo-coyuntural","status":"publish","type":"post","link":"https:\/\/plazajuarez.mx\/historico\/estados-unidos-las-esperanzas-de-mexico-fincadas-en-un-espejismo-coyuntural\/","title":{"rendered":"Estados Unidos, las esperanzas de M\u00e9xico fincadas en un espejismo coyuntural"},"content":{"rendered":"<p>OPINI\u00d3N<\/p>\n<p>\u00a0\u00a0 \u00a0\u2022\u00a0\u00a0 \u00a0El gobierno de M\u00e9xico ha fincado todas sus esperanzas en el buen desempe\u00f1o de la econom\u00eda estadounidense, alentado por la firma del presidente Trump del nuevo Acuerdo Comercial\u2028<\/p>\n<p>  <!--more-->  <\/p>\n<p>Todas las esperanzas sobre la reactivaci\u00f3n del crecimiento econ\u00f3mico se han fincado en la econom\u00eda de los Estados Unidos. La reforma financiera y los est\u00edmulos econ\u00f3micos proporcionados por \u00e9sta alent\u00f3 el crecimiento de la econom\u00eda estadounidense en 2018 y 2018; sin embargo, la guerra comercial del presidente Donald Trump contra China y su aversi\u00f3n al libre comercio ha reducido las posibilidades de crecimiento de su econom\u00eda, la cual se ha desacelerado en 2.3% en 2019.<br \/>El gobierno de M\u00e9xico ha fincado todas sus esperanzas en el buen desempe\u00f1o de la econom\u00eda estadounidense, alentado por la firma del presidente Trump del nuevo Acuerdo Comercial con Aranceles, \u201cTMEC\u201d, que sustituir\u00e1 al Tratado de Libre Comercio de Am\u00e9rica del Norte (TLCAN), que hab\u00eda prometido el presidente estadounidense en su campa\u00f1a desaparecer por ser un mal acuerdo para su pa\u00eds; sin embargo, ahora tendr\u00e1 que vivir bajo la zozobra y la bota del presidente Trump, quien usar\u00e1 la imposici\u00f3n de aranceles si no se acatan sus pol\u00edticas o si M\u00e9xico deja de hacer su trabajo en la frontera sur.<br \/>Lo cierto es que el crecimiento en 2019 se desaceler\u00f3 en los Estados Unidos en comparaci\u00f3n con 2018 en un 2.9%. No obstante, hay que reconocer que se mantuvo s\u00f3lido despu\u00e9s de una d\u00e9cada de crecimiento, de acuerdo a los datos de la Oficina de An\u00e1lisis Econ\u00f3mico (Bureau of Economic Analysis \u2013BEA-), publicados este jueves. Esto, en buena medida, la absurda guerra comercial con China ha hecho que la inversi\u00f3n privada y las exportaciones se desplomaran; mientras que, el gasto p\u00fablico continu\u00f3 aumentando a costa de un amento d\u00e9ficit presupuestal; al igual que el consumo de los hogares, que contin\u00faa apoyando la econom\u00eda, a pesar de la desaceleraci\u00f3n de fin de a\u00f1o.<br \/>Una primera conclusi\u00f3n de la revisi\u00f3n de los datos publicados este jueves por la BEA, es que la econom\u00eda estadounidense ha resistido. El Producto Interno Bruto aument\u00f3 un en 2.3% en 2019, menos que en el 2.9% de 2018 y menor al 3% prometido por Donald Trump, pero el desempe\u00f1o de la econom\u00eda estadounidense es s\u00f3lido, luego de una d\u00e9cada de crecimientos mediocres y temores de recesi\u00f3n, guerra comercial, tensiones geopol\u00edticas y desaceleraci\u00f3n de la econom\u00eda mundial, inyectada por la pol\u00edtica comercial del presidente Trump.<br \/>Los economistas que ven de cerca el desempe\u00f1o de la econom\u00eda de los Estados Unidos, advirtieron que el crecimiento de 2.1% del \u00faltimo trimestre de 2019, hab\u00eda sido impulsado por menores importaciones e inversiones, m\u00e1s que por la reducci\u00f3n del consumo de los hogares; el cual, si bien se redujo en 1.8% en el \u00faltimo trimestre, registr\u00f3 un aumento del 2.6% en 2019; para convertirse en el motor del crecimiento, al aportar el 68% del PIB; lo cual fue confirmado por la Reserva Federal, quien en su informe se\u00f1al\u00f3 este mi\u00e9rcoles que el consumo estaba aumentando a un ritmo moderado.<br \/>Pero la lectura de los analistas es que, la guerra comercial del presidente Donald Trump ha afectado la inversi\u00f3n privada, la cual se desplom\u00f3 a s\u00f3lo 1.8%, frente a m\u00e1s de un 5% en 2018; mientras que el comercio exterior se estanc\u00f3, producto de las exportaciones penalizadas por la crisis del Boeing 737 Max y las importaciones apenas fueron de 1%, gracias a las barreras arancelarias impuestas por el presidente Trump a China y otros pa\u00edses.<br \/>Pero en buena medida el consumo de los hogares estuvo sostenido por el gasto p\u00fablico, el cual continu\u00f3 aumentando en 2019 para llegar al 2.3%, dirigido en buena medida a la defensa, cuya partida creci\u00f3 en un 4.9%. Todo ello, impuls\u00f3 la creaci\u00f3n de empleos. Sin embargo, las malas decisiones del presidente Trump y la intensificaci\u00f3n de la guerra comercial podr\u00eda hacer que, en 2020, la econom\u00eda de su pa\u00eds s\u00f3lo crezca en 2, de acuerdo con las \u00faltimas proyecciones del Fondo Monetario Internacional.<br \/>A M\u00e9xico le ser\u00eda m\u00e1s \u00fatil hoy diversificar sus exportaciones y reducir su dependencia del mercado de los Estados Unidos, ahora atado a un acuerdo comercial con aranceles y siempre a disposici\u00f3n de los caprichos del presidente Trump, dispuesto a imponer aranceles las exportaciones mexicanas, si no se acatan sus designios. Sigo viendo el TMEC m\u00e1s como una herencia del gobierno anterior que como parte de una estrategia de desarrollo del gobierno actual.<\/p>\n","protected":false},"excerpt":{"rendered":"<p>OPINI\u00d3N \u00a0\u00a0 \u00a0\u2022\u00a0\u00a0 \u00a0El gobierno de M\u00e9xico ha fincado todas sus esperanzas en el buen desempe\u00f1o de la econom\u00eda estadounidense, alentado por la firma del presidente Trump del nuevo Acuerdo Comercial\u2028<\/p>\n","protected":false},"author":93,"featured_media":0,"comment_status":"open","ping_status":"open","sticky":false,"template":"","format":"standard","meta":{"footnotes":""},"categories":[45],"tags":[],"class_list":["post-98676","post","type-post","status-publish","format-standard","hentry","category-jose-luis-ortiz-santillan"],"_links":{"self":[{"href":"https:\/\/plazajuarez.mx\/historico\/wp-json\/wp\/v2\/posts\/98676","targetHints":{"allow":["GET"]}}],"collection":[{"href":"https:\/\/plazajuarez.mx\/historico\/wp-json\/wp\/v2\/posts"}],"about":[{"href":"https:\/\/plazajuarez.mx\/historico\/wp-json\/wp\/v2\/types\/post"}],"author":[{"embeddable":true,"href":"https:\/\/plazajuarez.mx\/historico\/wp-json\/wp\/v2\/users\/93"}],"replies":[{"embeddable":true,"href":"https:\/\/plazajuarez.mx\/historico\/wp-json\/wp\/v2\/comments?post=98676"}],"version-history":[{"count":0,"href":"https:\/\/plazajuarez.mx\/historico\/wp-json\/wp\/v2\/posts\/98676\/revisions"}],"wp:attachment":[{"href":"https:\/\/plazajuarez.mx\/historico\/wp-json\/wp\/v2\/media?parent=98676"}],"wp:term":[{"taxonomy":"category","embeddable":true,"href":"https:\/\/plazajuarez.mx\/historico\/wp-json\/wp\/v2\/categories?post=98676"},{"taxonomy":"post_tag","embeddable":true,"href":"https:\/\/plazajuarez.mx\/historico\/wp-json\/wp\/v2\/tags?post=98676"}],"curies":[{"name":"wp","href":"https:\/\/api.w.org\/{rel}","templated":true}]}}