{"id":98674,"date":"2020-02-04T15:03:16","date_gmt":"2020-02-04T15:03:16","guid":{"rendered":"http:\/\/plazajuarez.mx\/index\/index.php\/2020\/02\/04\/defensores-de-la-constitucion-del-17\/"},"modified":"2020-02-04T15:03:16","modified_gmt":"2020-02-04T15:03:16","slug":"defensores-de-la-constitucion-del-17","status":"publish","type":"post","link":"https:\/\/plazajuarez.mx\/historico\/defensores-de-la-constitucion-del-17\/","title":{"rendered":"Defensores de la Constituci\u00f3n del 17"},"content":{"rendered":"<p>Conciencia Ciudadana<\/p>\n<p>  <!--more-->  <\/p>\n<p>\u00a0\u00a0\u00a0Durante el viejo r\u00e9gimen\u00a0 se plante\u00f3 frecuentemente la necesidad de una nueva constituci\u00f3n\u00a0 que sustituyera a la de 1917, debate que, en el momento actual, ha perdido fuerza por razones diversas.<br \/>\u00a0\u00a0\u00a0Cuando el neoliberalismo campeaba a sus anchas, los gobernantes intentaron cambiar \u00a0 el marco constitucional vigente. Sin embargo terminaron por eludir el tema porque implicaba, necesariamente, una consulta ciudadana de tal alcance y profundidad que bien sab\u00edan\u00a0 ellos, podr\u00eda volverse en contra de sus intereses. Por consiguiente, el \u00fanico camino que les qued\u00f3 fue\u00a0 impulsar los cambios constitucionales\u00a0 mediante las llamadas \u201creformas estructurales\u201d;\u00a0 es decir, cambios de la estructura constitucional a favor del sistema neoliberal, aunque\u00a0 manteniendo formalmente\u00a0 la Constituci\u00f3n del 17. <br \/>\u00a0\u00a0\u00a0Otra circunstancia que\u00a0 impidi\u00f3\u00a0 desechar la Constituci\u00f3n actual fue la representaci\u00f3n dividida en el poder legislativo, donde ninguna fuerza pol\u00edtica alcanz\u00f3 (desde los a\u00f1os ochenta hasta el a\u00f1o pasado), el n\u00famero\u00a0 suficiente de votos para lograr sus prop\u00f3sitos\u00a0 sin consensuar con los dem\u00e1s partidos. Este impedimento\u00a0 fue especialmente enf\u00e1tico en las administraciones de Fox y Calder\u00f3n, a\u00a0 quienes\u00a0 el PRI jam\u00e1s concedi\u00f3 la gloria de encabezar los cambios,\u00a0 en espera de hacerlos al recuperar el poder nacional, lo que finalmente se hizo posible en 2012 cuando\u00a0 Pe\u00f1a Nieto,\u00a0 a\u00fan sin definirse los resultados finales de la campa\u00f1a presidencial,\u00a0 logr\u00f3\u00a0 aglutinar\u00a0 en torno suyo tanto a las \u201cizquierdas\u201d como a la \u201cderechas\u201d partidistas\u00a0 mediante el\u00a0 llamado \u201cPacto por M\u00e9xico\u201d; con el que\u00a0 todos los partidos del espectro pol\u00edtico\u00a0 se comprometieron a sacar adelante las reformas estructurales\u00a0 exigidas por el neoliberalismo nativo y extranjero. <br \/>\u00a0\u00a0\u00a0En consecuencia, ha de entenderse al \u201cPacto por M\u00e9xico\u201d, como la concreci\u00f3n de un golpe de estado blando, que permiti\u00f3 a Pe\u00f1a Nieto alcanzar las dichosas reformas gracias al servilismo de\u00a0 los partidos \u201copositores\u201d (PRD Y PAN). Pero el Pacto signific\u00f3 tambi\u00e9n un golpe al\u00a0 esp\u00edritu democr\u00e1tico de la\u00a0 Constituci\u00f3n\u00a0 al cancelar, en los hechos, la necesaria existencia de ofertas pol\u00edticas divergentes representantes de la diversidad de intereses e ideolog\u00edas que componen a la sociedad mexicana. <br \/>\u00a0\u00a0\u00a0Parad\u00f3jicamente, la desaparici\u00f3n de la diversidad partidista provoc\u00f3 el fortalecimiento del Movimiento de Renovaci\u00f3n Nacional de Andr\u00e9s Manuel L\u00f3pez Obrador y su transformaci\u00f3n en el partido\u00a0 Morena; convertido en la \u00fanica opci\u00f3n partidista opuesta a las reformas constitucionales alcanzadas gracias a la pol\u00edtica \u201cpactista\u201d del sexenio pe\u00f1anietista;\u00a0 lo que\u00a0 permiti\u00f3 a Morena y su l\u00edder encabezar exitosamente la oposici\u00f3n social a la \u201csanta alianza\u201d PRI-PAN-PRD en 2018, derrot\u00e1ndola\u00a0 en toda la l\u00ednea mediante\u00a0 un alud de votos que le otorg\u00f3;\u00a0 aparte de la Presidencia de la Rep\u00fablica, la posibilidad de echar atr\u00e1s\u00a0 contra reformas constitucionales logradas en el sexenio de Pe\u00f1a Nieto.\u00a0 <br \/>\u00a0\u00a0\u00a0As\u00ed pues, el surgimiento del movimiento anti-neoliberal encabezado por Andr\u00e9s Manuel L\u00f3pez Obrador, han de interpretarse, en el contexto de la historia constitucional de M\u00e9xico, como el factor clave\u00a0 en la defensa de la Carta Magna de 1917; destinado a recuperar su contenido originario: garante de los derechos individuales y sociales, protector de la justicia laboral y los derechos humanos, de la industria energ\u00e9tica nacional y\u00a0 la educaci\u00f3n laica, gratuita y obligatoria entre otros temas fundamentales.\u00a0\u00a0 A la manera de las viejas rep\u00fablicas, tanto AMLO como los integrantes de Morena y los ciudadanos\u00a0 que apoyaron su triunfo, pueden portar con orgullo este 5 de febrero, el lema \u201cDefensor de la Constituci\u00f3n del 17\u201d como distintivo de su triunfo sobre quienes se aplicaron durante 30 a\u00f1os tan denodada como infructuosamente, a terminar con ella. <br \/>Aunque la verdad es que dicha\u00a0 batalla a\u00fan no concluye. <br \/>Y RECUERDEN QUE VIVOS SE LOS LLEVARON Y VIVOS LOS QUEREMOS CON NOSOTROS.<\/p>\n<p>\u00a0 <\/p>\n","protected":false},"excerpt":{"rendered":"<p>Conciencia Ciudadana<\/p>\n","protected":false},"author":93,"featured_media":0,"comment_status":"open","ping_status":"open","sticky":false,"template":"","format":"standard","meta":{"footnotes":""},"categories":[55],"tags":[],"class_list":["post-98674","post","type-post","status-publish","format-standard","hentry","category-miguel-angel-serna"],"_links":{"self":[{"href":"https:\/\/plazajuarez.mx\/historico\/wp-json\/wp\/v2\/posts\/98674","targetHints":{"allow":["GET"]}}],"collection":[{"href":"https:\/\/plazajuarez.mx\/historico\/wp-json\/wp\/v2\/posts"}],"about":[{"href":"https:\/\/plazajuarez.mx\/historico\/wp-json\/wp\/v2\/types\/post"}],"author":[{"embeddable":true,"href":"https:\/\/plazajuarez.mx\/historico\/wp-json\/wp\/v2\/users\/93"}],"replies":[{"embeddable":true,"href":"https:\/\/plazajuarez.mx\/historico\/wp-json\/wp\/v2\/comments?post=98674"}],"version-history":[{"count":0,"href":"https:\/\/plazajuarez.mx\/historico\/wp-json\/wp\/v2\/posts\/98674\/revisions"}],"wp:attachment":[{"href":"https:\/\/plazajuarez.mx\/historico\/wp-json\/wp\/v2\/media?parent=98674"}],"wp:term":[{"taxonomy":"category","embeddable":true,"href":"https:\/\/plazajuarez.mx\/historico\/wp-json\/wp\/v2\/categories?post=98674"},{"taxonomy":"post_tag","embeddable":true,"href":"https:\/\/plazajuarez.mx\/historico\/wp-json\/wp\/v2\/tags?post=98674"}],"curies":[{"name":"wp","href":"https:\/\/api.w.org\/{rel}","templated":true}]}}