{"id":98422,"date":"2020-01-29T05:14:54","date_gmt":"2020-01-29T05:14:54","guid":{"rendered":"http:\/\/plazajuarez.mx\/index\/index.php\/2020\/01\/29\/atlas-de-riesgo-habemus-en-tula-de-allende\/"},"modified":"2020-01-29T05:14:54","modified_gmt":"2020-01-29T05:14:54","slug":"atlas-de-riesgo-habemus-en-tula-de-allende","status":"publish","type":"post","link":"https:\/\/plazajuarez.mx\/historico\/atlas-de-riesgo-habemus-en-tula-de-allende\/","title":{"rendered":"Atlas de Riesgo habemus en Tula de Allende"},"content":{"rendered":"<p>\u00a0\u00a0\u00a0 \u2022\u00a0\u00a0 \u00a0La Administraci\u00f3n Municipal concluy\u00f3 el Atlas de Riesgo de la demarcaci\u00f3n\u2028<br \/>Hubo felicitaciones de parte de funcionarios federales porque el municipio se preocupa por la seguridad de la poblaci\u00f3n<\/p>\n<p>  <!--more-->  <\/p>\n<p>Para contar con una herramienta orientada a la prevenci\u00f3n de eventuales incidentes, la Administraci\u00f3n Municipal, que encabeza Ismael Gadoth Tapia Ben\u00edtez, concluy\u00f3 el Atlas de Riesgos de la demarcaci\u00f3n, documento que fue ingresado a la Coordinaci\u00f3n Nacional de Protecci\u00f3n Civil y a la Instituci\u00f3n hom\u00f3loga en Hidalgo para que realice la revisi\u00f3n del documento.<br \/>Por instrucciones del alcalde, la direcci\u00f3n de Protecci\u00f3n Civil y Bomberos municipal da seguimiento al proceso, de forma tal que para su debida revisi\u00f3n y aprobaci\u00f3n, el director del \u00e1rea, Jos\u00e9 de Jes\u00fas Vera, acudi\u00f3 a las oficinas centrales de la Coordinaci\u00f3n Nacional de Protecci\u00f3n Civil. <br \/>\u00a0<br \/>Con el mensaje del alcalde, el directivo se entrevist\u00f3 con \u00d3scar Zepeda Ramos, director general de esa dependencia nacional, as\u00ed como con Leonardo Gonz\u00e1lez, director de Atenci\u00f3n a Estados y Municipios. <br \/>\u00a0<br \/>Vera Guerrero inform\u00f3 que se les comunic\u00f3 que la revisi\u00f3n del Atlas se estima concluya en un lapso de 15 d\u00edas al tiempo en que coment\u00f3 las felicitaciones emitidas por los funcionarios federales porque el municipio se preocupa por la seguridad de la poblaci\u00f3n.<br \/>\u00a0<br \/>Fue determinaci\u00f3n del alcalde lograr este documento\u00a0 que es una herramienta cartogr\u00e1fica y estad\u00edstica para planes de prevenci\u00f3n y auxilio para la oportuna toma de decisiones en caso de alg\u00fan desastre. Es un documento que auxilia en la integraci\u00f3n de otros trabajos encaminados al desarrollo municipal.<br \/>\u00a0<br \/>Desde hace siete meses, el personal calificado, entre ge\u00f3logos e ingenieros certificados en el ramo, fueron acompa\u00f1ados por elementos de la direcci\u00f3n municipal de Protecci\u00f3n Civil, para la elaboraci\u00f3n del documento.<br \/>\u00a0<br \/>Llevaron a cabo recorridos por las \u00e1reas que se conocen como de posibles deslizamientos de laderas, zonas m\u00e1s vulnerables a inundaciones, incendios, entre otros. <br \/>\u00a0<br \/>El Atlas de Riesgo municipal ser\u00e1 una herramienta p\u00fablica a fin de que cualquier persona la pueda utilizar para saber cu\u00e1les son las zonas de riesgo en el municipio, adem\u00e1s de contar con un documento base para documentarse y saber en d\u00f3nde es mejor instalar alguna construcci\u00f3n, empresa o futuros asentamientos. <\/p>\n","protected":false},"excerpt":{"rendered":"<p>\u00a0\u00a0\u00a0 \u2022\u00a0\u00a0 \u00a0La Administraci\u00f3n Municipal concluy\u00f3 el Atlas de Riesgo de la demarcaci\u00f3n\u2028Hubo felicitaciones de parte de funcionarios federales porque el municipio se preocupa por la seguridad de la poblaci\u00f3n<\/p>\n","protected":false},"author":93,"featured_media":0,"comment_status":"open","ping_status":"open","sticky":false,"template":"","format":"standard","meta":{"footnotes":""},"categories":[40],"tags":[],"class_list":["post-98422","post","type-post","status-publish","format-standard","hentry","category-region"],"_links":{"self":[{"href":"https:\/\/plazajuarez.mx\/historico\/wp-json\/wp\/v2\/posts\/98422","targetHints":{"allow":["GET"]}}],"collection":[{"href":"https:\/\/plazajuarez.mx\/historico\/wp-json\/wp\/v2\/posts"}],"about":[{"href":"https:\/\/plazajuarez.mx\/historico\/wp-json\/wp\/v2\/types\/post"}],"author":[{"embeddable":true,"href":"https:\/\/plazajuarez.mx\/historico\/wp-json\/wp\/v2\/users\/93"}],"replies":[{"embeddable":true,"href":"https:\/\/plazajuarez.mx\/historico\/wp-json\/wp\/v2\/comments?post=98422"}],"version-history":[{"count":0,"href":"https:\/\/plazajuarez.mx\/historico\/wp-json\/wp\/v2\/posts\/98422\/revisions"}],"wp:attachment":[{"href":"https:\/\/plazajuarez.mx\/historico\/wp-json\/wp\/v2\/media?parent=98422"}],"wp:term":[{"taxonomy":"category","embeddable":true,"href":"https:\/\/plazajuarez.mx\/historico\/wp-json\/wp\/v2\/categories?post=98422"},{"taxonomy":"post_tag","embeddable":true,"href":"https:\/\/plazajuarez.mx\/historico\/wp-json\/wp\/v2\/tags?post=98422"}],"curies":[{"name":"wp","href":"https:\/\/api.w.org\/{rel}","templated":true}]}}