{"id":98421,"date":"2020-01-29T05:14:54","date_gmt":"2020-01-29T05:14:54","guid":{"rendered":"http:\/\/plazajuarez.mx\/index\/index.php\/2020\/01\/29\/seguridad-tema-prioritario-de-gobiernos\/"},"modified":"2020-01-29T05:14:54","modified_gmt":"2020-01-29T05:14:54","slug":"seguridad-tema-prioritario-de-gobiernos","status":"publish","type":"post","link":"https:\/\/plazajuarez.mx\/historico\/seguridad-tema-prioritario-de-gobiernos\/","title":{"rendered":"\u201cSeguridad, tema prioritario de gobiernos\u201d"},"content":{"rendered":"<p>Dice convencido el alcalde, Mois\u00e9s Ram\u00edrez Tapia <br \/>\u00a0\u00a0 \u00a0\u2022\u00a0\u00a0 \u00a0El presidente municipal afirm\u00f3 que el compromiso es fortalecer las corporaciones de protecci\u00f3n\u2028<br \/>\u00a0<br \/>Agradeci\u00f3 el acompa\u00f1amiento del gobernador, Omar Fayad, ante el Gobierno de la Rep\u00fablica, para lograr la asignaci\u00f3n de recursos<\/p>\n<p>  <!--more-->  <\/p>\n<p>\u00a0<br \/>El alcalde, Mois\u00e9s Ram\u00edrez Tapia, dijo que la seguridad p\u00fablica es un tema prioritario para los gobiernos, de ah\u00ed que se implementan pol\u00edticas p\u00fablicas que permitan generar las estrategias necesarias para mantener las condiciones id\u00f3neas de paz social e inhibir hechos delictivos, \u201ca m\u00ed me compete tocar puertas, lo que permiti\u00f3 que Tepeji fuera reincorporado al programa Fortalecimiento para la Seguridad (Fortaseg)\u201d. Dijo que el compromiso de los gobiernos de los tres niveles es fortalecer las corporaciones de seguridad. <br \/>\u00a0<br \/>Agradeci\u00f3 el acompa\u00f1amiento del gobernador, Omar Fayad, ante el Gobierno de la Rep\u00fablica, para lograr la asignaci\u00f3n de recursos, mismos que son indispensables para atender una de las demandas m\u00e1s sentidas de la poblaci\u00f3n.<br \/>\u00a0<br \/>Ram\u00edrez Tapia recalc\u00f3 que gracias a este trabajo en conjunto de gesti\u00f3n para 2020, Tepeji del R\u00edo se vio beneficiado nuevamente con recursos del programa\u00a0 Fortaseg, \u201cser\u00e1n 6 millones de pesos los destinados a la seguridad, de los cuales el 20% ser\u00e1 de aportaci\u00f3n municipal, lo que equivale a un mill\u00f3n 200 mil pesos\u201d.<br \/>\u00a0<br \/>Adelant\u00f3 que los recursos ser\u00e1n destinados principalmente a la adquisici\u00f3n de equipo y capacitaci\u00f3n, acciones con las que se fortalece la seguridad p\u00fablica, sumado a que contin\u00faa gestionando recursos extraordinarios para el municipio, a trav\u00e9s del trabajo coordinado entre los tres \u00f3rdenes de gobierno.\u00a0 <br \/>\u00a0<br \/>Record\u00f3 que el Fortaseg es un subsidio otorgado por el Gobierno Federal que tiene como objetivo apoyar la profesionalizaci\u00f3n, certificaci\u00f3n y equipamiento de los elementos de las instituciones de seguridad p\u00fablica, por lo que se buscar\u00e1 atender aspectos de evaluaci\u00f3n de control de confianza de los elementos operativos, capacitaci\u00f3n; mejora de condiciones laborales de los polic\u00edas, equipamiento, construcci\u00f3n de infraestructura y prevenci\u00f3n del delito.<br \/>\u00a0<\/p>\n","protected":false},"excerpt":{"rendered":"<p>Dice convencido el alcalde, Mois\u00e9s Ram\u00edrez Tapia \u00a0\u00a0 \u00a0\u2022\u00a0\u00a0 \u00a0El presidente municipal afirm\u00f3 que el compromiso es fortalecer las corporaciones de protecci\u00f3n\u2028\u00a0Agradeci\u00f3 el acompa\u00f1amiento del gobernador, Omar Fayad, ante el Gobierno de la Rep\u00fablica, para lograr la asignaci\u00f3n de recursos<\/p>\n","protected":false},"author":93,"featured_media":0,"comment_status":"open","ping_status":"open","sticky":false,"template":"","format":"standard","meta":{"footnotes":""},"categories":[40],"tags":[],"class_list":["post-98421","post","type-post","status-publish","format-standard","hentry","category-region"],"_links":{"self":[{"href":"https:\/\/plazajuarez.mx\/historico\/wp-json\/wp\/v2\/posts\/98421","targetHints":{"allow":["GET"]}}],"collection":[{"href":"https:\/\/plazajuarez.mx\/historico\/wp-json\/wp\/v2\/posts"}],"about":[{"href":"https:\/\/plazajuarez.mx\/historico\/wp-json\/wp\/v2\/types\/post"}],"author":[{"embeddable":true,"href":"https:\/\/plazajuarez.mx\/historico\/wp-json\/wp\/v2\/users\/93"}],"replies":[{"embeddable":true,"href":"https:\/\/plazajuarez.mx\/historico\/wp-json\/wp\/v2\/comments?post=98421"}],"version-history":[{"count":0,"href":"https:\/\/plazajuarez.mx\/historico\/wp-json\/wp\/v2\/posts\/98421\/revisions"}],"wp:attachment":[{"href":"https:\/\/plazajuarez.mx\/historico\/wp-json\/wp\/v2\/media?parent=98421"}],"wp:term":[{"taxonomy":"category","embeddable":true,"href":"https:\/\/plazajuarez.mx\/historico\/wp-json\/wp\/v2\/categories?post=98421"},{"taxonomy":"post_tag","embeddable":true,"href":"https:\/\/plazajuarez.mx\/historico\/wp-json\/wp\/v2\/tags?post=98421"}],"curies":[{"name":"wp","href":"https:\/\/api.w.org\/{rel}","templated":true}]}}