{"id":98403,"date":"2020-01-28T15:38:17","date_gmt":"2020-01-28T15:38:17","guid":{"rendered":"http:\/\/plazajuarez.mx\/index\/index.php\/2020\/01\/28\/amlo-presenta-boleto-para-rifa-del-avion-presidencial\/"},"modified":"2020-01-28T15:38:17","modified_gmt":"2020-01-28T15:38:17","slug":"amlo-presenta-boleto-para-rifa-del-avion-presidencial","status":"publish","type":"post","link":"https:\/\/plazajuarez.mx\/historico\/amlo-presenta-boleto-para-rifa-del-avion-presidencial\/","title":{"rendered":"AMLO presenta boleto para rifa del avi\u00f3n presidencial"},"content":{"rendered":"<p>De acuerdo con el boleto el Boeing 787 podr\u00eda rifarse el pr\u00f3ximo 5 de Mayo, como fecha tentativa del sorteo. <!--more--> <\/p>\n<p>  El presidente Andr\u00e9s Manuel L\u00f3pez Obrador asegur\u00f3 que de no venderse el avi\u00f3n presidencial, ya se trabaja en el mecanismo para poder &#8220;rifar&#8221; el Boeing 787 Dreamliner y con esos recursos comprar equipo m\u00e9dico para el sector salud.<\/p>\n<p>  En su conferencia de prensa ma\u00f1anera, el Presidente dijo que la pr\u00f3xima semana tomar\u00e1 la decisi\u00f3n y mostr\u00f3 un boleto de la Loter\u00eda Nacional con la imagen de la aeronave que us\u00f3 para transportarse el expresidente Enrique Pe\u00f1a Nieto.<\/p>\n<p>  De acuerdo con el boleto el Boeing 787 podr\u00eda rifarse el pr\u00f3ximo 5 de Mayo, como fecha tentativa del sorteo.<\/p>\n<p>  No obstante, el presidente L\u00f3pez Obrador expres\u00f3 su preocupaci\u00f3n porque quien ser\u00e1 el ganador de la aeronave.<\/p>\n<p>  &#8220;No quiero que nadie se eche a perder, que se destruya una familia, y no quiero cargar con esa culpa, parece un asunto menor, pero a mi me preocupa.<\/p>\n<p>  &#8220;C\u00f3mo le hacemos para que el que se saque el premio no se desgracie, no afecte a su familia, que pueda tener este bien, pero que lo aplique adecuadamente, que sea un bien para toda la familia&#8221;.<\/p>\n<p>  Se\u00f1al\u00f3 que explora la posibilidad de que el ganador -cuando lo venda- pueda tener ese dinero en un fideicomiso en el Banco de M\u00e9xico y que est\u00e9 le vayan entregando los intereses, se vayan capitalizando y que en un tiempo pueda decidir qu\u00e9 hacer con su dinero.<\/p>\n<p>  El presidente L\u00f3pez Obrador se\u00f1al\u00f3 que el gobierno de Estados Unidos no ha dado repuesta al ofrecimiento del avi\u00f3n.<\/p>\n<p>  Y qu\u00e9 incluso tambi\u00e9n se le ofert\u00f3 al gobierno de Canad\u00e1, porque el avi\u00f3n del primer ministro Justin Trudeau tambi\u00e9n se descompuso, &#8220;pero este es m\u00e1s grande&#8221;.<\/p>\n<p>\n","protected":false},"excerpt":{"rendered":"<p>De acuerdo con el boleto el Boeing 787 podr\u00eda rifarse el pr\u00f3ximo 5 de Mayo, como fecha tentativa del sorteo.<\/p>\n","protected":false},"author":6,"featured_media":0,"comment_status":"open","ping_status":"open","sticky":false,"template":"","format":"standard","meta":{"footnotes":""},"categories":[36],"tags":[],"class_list":["post-98403","post","type-post","status-publish","format-standard","hentry","category-nacion"],"_links":{"self":[{"href":"https:\/\/plazajuarez.mx\/historico\/wp-json\/wp\/v2\/posts\/98403","targetHints":{"allow":["GET"]}}],"collection":[{"href":"https:\/\/plazajuarez.mx\/historico\/wp-json\/wp\/v2\/posts"}],"about":[{"href":"https:\/\/plazajuarez.mx\/historico\/wp-json\/wp\/v2\/types\/post"}],"author":[{"embeddable":true,"href":"https:\/\/plazajuarez.mx\/historico\/wp-json\/wp\/v2\/users\/6"}],"replies":[{"embeddable":true,"href":"https:\/\/plazajuarez.mx\/historico\/wp-json\/wp\/v2\/comments?post=98403"}],"version-history":[{"count":0,"href":"https:\/\/plazajuarez.mx\/historico\/wp-json\/wp\/v2\/posts\/98403\/revisions"}],"wp:attachment":[{"href":"https:\/\/plazajuarez.mx\/historico\/wp-json\/wp\/v2\/media?parent=98403"}],"wp:term":[{"taxonomy":"category","embeddable":true,"href":"https:\/\/plazajuarez.mx\/historico\/wp-json\/wp\/v2\/categories?post=98403"},{"taxonomy":"post_tag","embeddable":true,"href":"https:\/\/plazajuarez.mx\/historico\/wp-json\/wp\/v2\/tags?post=98403"}],"curies":[{"name":"wp","href":"https:\/\/api.w.org\/{rel}","templated":true}]}}