{"id":98400,"date":"2020-01-28T15:15:07","date_gmt":"2020-01-28T15:15:07","guid":{"rendered":"http:\/\/plazajuarez.mx\/index\/index.php\/2020\/01\/28\/laguna-de-voces-601\/"},"modified":"2020-01-28T15:15:07","modified_gmt":"2020-01-28T15:15:07","slug":"laguna-de-voces-601","status":"publish","type":"post","link":"https:\/\/plazajuarez.mx\/historico\/laguna-de-voces-601\/","title":{"rendered":"LAGUNA DE VOCES"},"content":{"rendered":"<p>* El santo olor de la panader\u00eda<\/p>\n<p>  <!--more-->  <\/p>\n<p>Todas las tarde la casa paterna se llenaba del olor \u00fanico e inconfundible del pan reci\u00e9n horneado. Se trataba de una de las pocas ceremonias en que participaba la familia completa y que ten\u00eda como resultado confirmar que segu\u00edamos en el viejo comedor de sillas forradas con un pl\u00e1stico estampado de flores. Pocas veces alguien se ausentaba y la \u00fanica prisa por llegar de la escuela era por estar al lado de mi padre, escuchar a mi hermano mayor platicar del libro que al final nos dejaba leer y evocar los campos verdes y la laguna de agua salada en voz pap\u00e1. Eso eran la mayor parte de la tarde de pan y leche. Eso bastaba para saber que de alguna forma seguir\u00edamos unidos hasta le eternidad.<br \/>\u00a0\u00a0 \u00a0Mi hermana nunca se olvid\u00f3 de mam\u00e1. La tra\u00eda a cada rato en una vocaci\u00f3n que no cambiar\u00eda jam\u00e1s, porque pese a su ausencia llegaba igual puntual en su voz, en la bondad que de ella hered\u00f3 y el amor entra\u00f1able por la familia que le toc\u00f3 conservar luego de que un d\u00eda de abril parti\u00f3.<br \/>\u00a0\u00a0 \u00a0Los recuerdos tienen un olor preciso a concha de chocolate, roscas de canela, bolillos, b\u00edsquets y toda la variedad que hac\u00edan en la panader\u00eda de la colonia. Es bueno que cada trayecto de la existencia humana se ayude im\u00e1genes, sabores, palabras para que se quede bien guardado en el archivo de la memoria.<br \/>\u00a0\u00a0 \u00a0Al paso de los a\u00f1os cada uno de los asistentes a ese ceremonial asumi\u00f3 la responsabilidad de rehacerlo, reconstruirlo en los lugares donde cada uno fue a parar. Es una forma vital para que no olvidemos, pese a los triglic\u00e9ridos que el doctor insiste en bajar con la cancelaci\u00f3n del pan con leche de las tardes.<br \/>\u00a0\u00a0 \u00a0A mis hijos junto con la nieta \u00fanica nos re\u00fane el pan algunas tardes y s\u00ed, sin duda alguna permite reencontrarnos cuando el mar de la existencia solt\u00f3 el viento, a veces la tormenta y tambi\u00e9n huracanes alevosos que amenazaban con hundir la embarcaci\u00f3n. El mejor remedio ha sido comprar pan en la tarde, sentarnos a la mesa y platicar como si fuera la voz de mi padre la que dirigiera la conversaci\u00f3n.<br \/>\u00a0\u00a0 \u00a0Espero que cuando me vaya, cuando sea necesario, recuerden, hagan memoria y resurja el gusto del pap\u00e1, del abuelo por el pan. Porque era algo m\u00e1s, siempre fue algo m\u00e1s que el simple pan.<br \/>\u00a0\u00a0 \u00a0Fue, es la necesidad de contar con elementos que guarden la imagen de lo amado, lo esperado.<br \/>\u00a0\u00a0 \u00a0Ayer comimos pan.<br \/>\u00a0\u00a0 \u00a0Lo amado regresa siempre, tiene un sabor \u00fanico, inigualable. Por supuesto puede ser la noche de estrellas y luna, pero cuando se puede remojar en el caf\u00e9, reconocer en el paladar, es algo \u00fanico.<br \/>\u00a0\u00a0 \u00a0Es una responsabilidad entonces que nunca se vaya esa posibilidad.<br \/>\u00a0\u00a0 \u00a0Es un deber.<br \/>\u00a0\u00a0 \u00a0Es una oportunidad para vivir con ellos, los que ya no est\u00e1n, pero que acuden puntuales cuando los llamamos a la hora del pan.<\/p>\n<p>Mil gracias, hasta ma\u00f1ana.<\/p>\n<p>jeperalta@plazajuarez.mx\/historico\/historico<br \/>@JavierEPeralta<br \/>\u00a0\u00a0 \u00a0<br \/>\u00a0\u00a0 \u00a0<\/p>\n","protected":false},"excerpt":{"rendered":"<p>* El santo olor de la panader\u00eda<\/p>\n","protected":false},"author":93,"featured_media":0,"comment_status":"open","ping_status":"open","sticky":false,"template":"","format":"standard","meta":{"footnotes":""},"categories":[49],"tags":[],"class_list":["post-98400","post","type-post","status-publish","format-standard","hentry","category-javier-peralta"],"_links":{"self":[{"href":"https:\/\/plazajuarez.mx\/historico\/wp-json\/wp\/v2\/posts\/98400","targetHints":{"allow":["GET"]}}],"collection":[{"href":"https:\/\/plazajuarez.mx\/historico\/wp-json\/wp\/v2\/posts"}],"about":[{"href":"https:\/\/plazajuarez.mx\/historico\/wp-json\/wp\/v2\/types\/post"}],"author":[{"embeddable":true,"href":"https:\/\/plazajuarez.mx\/historico\/wp-json\/wp\/v2\/users\/93"}],"replies":[{"embeddable":true,"href":"https:\/\/plazajuarez.mx\/historico\/wp-json\/wp\/v2\/comments?post=98400"}],"version-history":[{"count":0,"href":"https:\/\/plazajuarez.mx\/historico\/wp-json\/wp\/v2\/posts\/98400\/revisions"}],"wp:attachment":[{"href":"https:\/\/plazajuarez.mx\/historico\/wp-json\/wp\/v2\/media?parent=98400"}],"wp:term":[{"taxonomy":"category","embeddable":true,"href":"https:\/\/plazajuarez.mx\/historico\/wp-json\/wp\/v2\/categories?post=98400"},{"taxonomy":"post_tag","embeddable":true,"href":"https:\/\/plazajuarez.mx\/historico\/wp-json\/wp\/v2\/tags?post=98400"}],"curies":[{"name":"wp","href":"https:\/\/api.w.org\/{rel}","templated":true}]}}