{"id":98364,"date":"2020-01-28T14:45:40","date_gmt":"2020-01-28T14:45:40","guid":{"rendered":"http:\/\/plazajuarez.mx\/index\/index.php\/2020\/01\/28\/apoya-fayad-la-economia-familiar-de-estudiantes\/"},"modified":"2020-01-28T14:45:40","modified_gmt":"2020-01-28T14:45:40","slug":"apoya-fayad-la-economia-familiar-de-estudiantes","status":"publish","type":"post","link":"https:\/\/plazajuarez.mx\/historico\/apoya-fayad-la-economia-familiar-de-estudiantes\/","title":{"rendered":"Apoya Fayad la econom\u00eda familiar de estudiantes"},"content":{"rendered":"<p>Tizayuca \u00a0 \u00a0 <br \/>\u00a0\u00a0 \u00a0\u2022\u00a0\u00a0 \u00a0Entrega de libros, aulas digitales y \u00fatiles a alumnos de instituciones de educaci\u00f3n media superior y \u00fatiles escolares a educaci\u00f3n superior\u2028<\/p>\n<p>  <!--more-->  <\/p>\n<p>En las instalaciones del Colegio de Bachilleres del Estado de Hidalgo (Cobaeh) plantel Tizayuca, el gobernador Omar Fayad entreg\u00f3 de manera simb\u00f3lica libros, aulas digitales y \u00fatiles a instituciones y alumnos de educaci\u00f3n media superior, adem\u00e1s de \u00fatiles escolares a estudiantes de educaci\u00f3n superior, en beneficio de 117 mil j\u00f3venes que \u201cson el presente m\u00e1s destacado de Hidalgo y el mejor futuro\u201d.<\/p>\n<p>El mandatario se\u00f1al\u00f3 que esta fecha es muy importante para la educaci\u00f3n p\u00fablica de la entidad, porque el gobierno hace un esfuerzo para fortalecerla en todos los niveles y por primera vez la educaci\u00f3n para adultos recibir\u00e1 aulas digitales. <\/p>\n<p>El programa de apoyo a la educaci\u00f3n tiene como finalidad respaldar la econom\u00eda de las familias y reducir la deserci\u00f3n escolar por factores econ\u00f3micos, iniciativa por la que Hidalgo es un referente nacional, al ser el \u00fanico estado en otorgar las herramientas de manera gratuita. <\/p>\n<p>Estudiantes de educaci\u00f3n media superior recibieron una memoria USB con 600 mil licencias de software, para que \u201csepan que tienen todos los materiales did\u00e1cticos, el contenido de los libros, videos educativos, juegos, y una serie de apoyos did\u00e1cticos, con lo que esperamos que los alumnos de Hidalgo pronto se conviertan en los n\u00famero uno del pa\u00eds por la excelencia y calidad de la educaci\u00f3n que reciben&#8221;, expres\u00f3 el gobernador.\u00a0 <\/p>\n<p>\u201cHasta antes de poner en pr\u00e1ctica esa nueva pol\u00edtica p\u00fablica del gobierno de Hidalgo, un padre de familia se tronaba los dedos cuando comenzaba un ciclo escolar; hoy d\u00eda, con este apoyo liberamos a los padres de familia de este compromiso, el cual asume el gobierno estatal en apoyo a los padres de familia&#8221;, asegur\u00f3 el jefe del Ejecutivo estatal. <\/p>\n<p>Agradeci\u00f3 a las y los diputados del Congreso local por unirse a este esfuerzo conjunto y por aprobar los recursos para este programa.<br \/>\u00a0<br \/>Gabriel Garc\u00eda Rojas, presidente municipal de Tizayuca, reconoci\u00f3 el apoyo que el gobernador Omar Fayad le da a la educaci\u00f3n, as\u00ed como la atracci\u00f3n de inversiones y a la seguridad p\u00fablica, acciones que generan el desarrollo de la sociedad hidalguense. <\/p>\n<p>El titular de la Secretar\u00eda de Educaci\u00f3n P\u00fablica de Hidalgo, Atilano Rodr\u00edguez P\u00e9rez, consider\u00f3 la entrega de herramientas educativas como un \u201cd\u00eda hist\u00f3rico\u201d.<\/p>\n","protected":false},"excerpt":{"rendered":"<p>Tizayuca \u00a0 \u00a0 \u00a0\u00a0 \u00a0\u2022\u00a0\u00a0 \u00a0Entrega de libros, aulas digitales y \u00fatiles a alumnos de instituciones de educaci\u00f3n media superior y \u00fatiles escolares a educaci\u00f3n superior\u2028<\/p>\n","protected":false},"author":93,"featured_media":0,"comment_status":"open","ping_status":"open","sticky":false,"template":"","format":"standard","meta":{"footnotes":""},"categories":[59],"tags":[],"class_list":["post-98364","post","type-post","status-publish","format-standard","hentry","category-general"],"_links":{"self":[{"href":"https:\/\/plazajuarez.mx\/historico\/wp-json\/wp\/v2\/posts\/98364","targetHints":{"allow":["GET"]}}],"collection":[{"href":"https:\/\/plazajuarez.mx\/historico\/wp-json\/wp\/v2\/posts"}],"about":[{"href":"https:\/\/plazajuarez.mx\/historico\/wp-json\/wp\/v2\/types\/post"}],"author":[{"embeddable":true,"href":"https:\/\/plazajuarez.mx\/historico\/wp-json\/wp\/v2\/users\/93"}],"replies":[{"embeddable":true,"href":"https:\/\/plazajuarez.mx\/historico\/wp-json\/wp\/v2\/comments?post=98364"}],"version-history":[{"count":0,"href":"https:\/\/plazajuarez.mx\/historico\/wp-json\/wp\/v2\/posts\/98364\/revisions"}],"wp:attachment":[{"href":"https:\/\/plazajuarez.mx\/historico\/wp-json\/wp\/v2\/media?parent=98364"}],"wp:term":[{"taxonomy":"category","embeddable":true,"href":"https:\/\/plazajuarez.mx\/historico\/wp-json\/wp\/v2\/categories?post=98364"},{"taxonomy":"post_tag","embeddable":true,"href":"https:\/\/plazajuarez.mx\/historico\/wp-json\/wp\/v2\/tags?post=98364"}],"curies":[{"name":"wp","href":"https:\/\/api.w.org\/{rel}","templated":true}]}}