{"id":98363,"date":"2020-01-28T14:45:37","date_gmt":"2020-01-28T14:45:37","guid":{"rendered":"http:\/\/plazajuarez.mx\/index\/index.php\/2020\/01\/28\/protestan-por-actos-de-agresion-policial\/"},"modified":"2020-01-28T14:45:37","modified_gmt":"2020-01-28T14:45:37","slug":"protestan-por-actos-de-agresion-policial","status":"publish","type":"post","link":"https:\/\/plazajuarez.mx\/historico\/protestan-por-actos-de-agresion-policial\/","title":{"rendered":"Protestan por actos de agresi\u00f3n policial"},"content":{"rendered":"<p>En Mineral de la Reforma<br \/>\u00a0\u00a0 \u00a0\u2022\u00a0\u00a0 \u00a0Acusaron que lanzaron gas lacrim\u00f3geno para impedir que los vecinos sacaran unos objetos\u2028\u2028\u2028<\/p>\n<p>  <!--more-->  <\/p>\n<p>Un aproximado de 30 vecinos del fraccionamiento Nopalapa en Mineral de la Reforma realizaron una protesta ayer alrededor de las 12:00 horas afuera de la Comisi\u00f3n de Derechos Humanos del Estado de Hidalgo (CDHEH), con la intenci\u00f3n de denunciar a integrantes de la Polic\u00eda Estatal de Hidalgo, por supuestas agresiones al intentar controlar una trifulca.<br \/>Martha L\u00f3pez R\u00edos representante en Hidalgo de la Uni\u00f3n Nacional de Trabajadores Agr\u00edcolas (UNTA), quien acompa\u00f1\u00f3 a los manifestantes en un posicionamiento explic\u00f3 que el motivo de su descontento se debe a que el pasado viernes por la noche vecinos de la zona encontraron dentro de un domicilio particular en el fraccionamiento objetos robados que argumentaban eran de su propiedad, por lo que decidieron entrar al lugar y llamar a la Polic\u00eda.<br \/>Los vecinos afirmaron que al intentar recuperar los objetos robados, personal de la Polic\u00eda Estatal de Hidalgo los amedrent\u00f3, lanzando gas lacrim\u00f3geno para impedir que los vecinos sacaran lo que supuestamente era de su propiedad.\u00a0 <br \/>L\u00f3pez R\u00edos coment\u00f3 que elementos del cuerpo de Seguridad P\u00fablica agredieron y empujaron a la multitud, para minutos despu\u00e9s dejar ir a los supuestos delincuentes a pocas calles de lo sucedido. <br \/>Ante la falta de respuesta por parte de autoridades de la Polic\u00eda Estatal de Hidalgo por lo sucedido, los manifestantes pidieron hablar con el presidente de la CDHEH, Alejandro Habib Nicol\u00e1s, sin\u00a0 embargo al momento de la llegada de los protestantes el Ombudsperson no se encontraba por lo que fue criticado de no estar en su lugar de trabajo en pleno lunes por la ma\u00f1ana, por lo que expresaron que no retirar\u00edan del lugar hasta hablar con el titular de la CDHEH. <br \/>Los inconformes presentar\u00e1n una denuncia ante la CDHEH, con la intenci\u00f3n de esclarecer todo lo sucedido respecto de las agresiones contra los pobladores de Nopalapa.<\/p>\n","protected":false},"excerpt":{"rendered":"<p>En Mineral de la Reforma\u00a0\u00a0 \u00a0\u2022\u00a0\u00a0 \u00a0Acusaron que lanzaron gas lacrim\u00f3geno para impedir que los vecinos sacaran unos objetos\u2028\u2028\u2028<\/p>\n","protected":false},"author":93,"featured_media":0,"comment_status":"open","ping_status":"open","sticky":false,"template":"","format":"standard","meta":{"footnotes":""},"categories":[59],"tags":[],"class_list":["post-98363","post","type-post","status-publish","format-standard","hentry","category-general"],"_links":{"self":[{"href":"https:\/\/plazajuarez.mx\/historico\/wp-json\/wp\/v2\/posts\/98363","targetHints":{"allow":["GET"]}}],"collection":[{"href":"https:\/\/plazajuarez.mx\/historico\/wp-json\/wp\/v2\/posts"}],"about":[{"href":"https:\/\/plazajuarez.mx\/historico\/wp-json\/wp\/v2\/types\/post"}],"author":[{"embeddable":true,"href":"https:\/\/plazajuarez.mx\/historico\/wp-json\/wp\/v2\/users\/93"}],"replies":[{"embeddable":true,"href":"https:\/\/plazajuarez.mx\/historico\/wp-json\/wp\/v2\/comments?post=98363"}],"version-history":[{"count":0,"href":"https:\/\/plazajuarez.mx\/historico\/wp-json\/wp\/v2\/posts\/98363\/revisions"}],"wp:attachment":[{"href":"https:\/\/plazajuarez.mx\/historico\/wp-json\/wp\/v2\/media?parent=98363"}],"wp:term":[{"taxonomy":"category","embeddable":true,"href":"https:\/\/plazajuarez.mx\/historico\/wp-json\/wp\/v2\/categories?post=98363"},{"taxonomy":"post_tag","embeddable":true,"href":"https:\/\/plazajuarez.mx\/historico\/wp-json\/wp\/v2\/tags?post=98363"}],"curies":[{"name":"wp","href":"https:\/\/api.w.org\/{rel}","templated":true}]}}