{"id":98358,"date":"2020-01-28T14:44:56","date_gmt":"2020-01-28T14:44:56","guid":{"rendered":"http:\/\/plazajuarez.mx\/index\/index.php\/2020\/01\/28\/dese-por-enterado-677\/"},"modified":"2020-04-14T18:58:35","modified_gmt":"2020-04-14T18:58:35","slug":"dese-por-enterado-677","status":"publish","type":"post","link":"https:\/\/plazajuarez.mx\/historico\/dese-por-enterado-677\/","title":{"rendered":"DESE POR ENTERADO"},"content":{"rendered":"<p>REUNI\u00d3N ULTRA-SECRETA DE EX SUBSECRETARIO DE SEGOB CON SOSA.- Alberto Beg\u00f1\u00e9 Guerra, se desempe\u00f1\u00f3 como subsecretario de Prevenci\u00f3n del Delito y Participaci\u00f3n Ciudadana en la Secretar\u00eda de Gobernaci\u00f3n, con el ex gobernador, Miguel \u00c1ngel Osorio Chong, ocup\u00f3 la titularidad de la dependencia.<\/p>\n<p>  <!--more-->  <\/p>\n<p>Hasta ah\u00ed todo normal. Pero ayer Beg\u00f1\u00e9 Guerra se habr\u00eda reunido en el restaurante \u201cEl Socav\u00f3n\u201d, una de las 21 empresas del Patronato Universitario, con el presidente del mismo, Gerardo Sosa Castel\u00e1n. Se dice que ser\u00e1 incorporado como asesor del ex rector. Y aqu\u00ed surgen muchas dudas: \u00bfpidi\u00f3 la anuencia de su antiguo jefe y actual Senador de la Rep\u00fablica, Miguel \u00c1ngel Osorio? Sinceramente no lo creemos, porque la relaci\u00f3n Osorio-Sosa nunca fue buena, aunque algunos insisten en afirmar que en \u00faltimas fechas han manifestado coincidencias de manera p\u00fablica. Y no lo creemos porque el ex mandatario hidalguense sabe de institucionalidad y la practica. Dif\u00edcilmente se colocar\u00eda del lado de quien hizo todo lo posible por entrampar su sexenio cuando fue gobernador de Hidalgo, y hoy hace lo mismo con Omar Fayad. Todo indica que Beg\u00f1\u00e9 Guerra decidi\u00f3 irse por la libre y de no muy buena manera.<\/p>\n<p>\u00a0\u00a0 \u00a0\u00a0\u00a0 \u00a0\u00a0\u00a0 \u00a0\u00a0\u00a0 \u00a0\u00a0\u00a0 \u00a0***<\/p>\n<p>\u00bfQUIERE VIAJAR SIN PAGAR UN PESO? \u00a1VIAJES EL PR\u00cdNCIPE DE LAS MARIONETAS SE LO ORGANIZA!.- Todo es asunto de cumplirle bien a un patroncito, pelearse con diputadas inteligentes y saldr\u00e1 a gozar del aplauso gratuito por lo que usted no es. Y si no observe al casi hijo del Che, es decir Richy Pinocho, en Chile donde se hizo pasar por lo que nunca ha sido. Antes estuvo en Cuba con su comitiva de siempre, y se dice que ahora preparan maletas para ir al viejo continente, es decir Europa, para dar c\u00e1tedra de coherencia mental, independencia y autodeterminaci\u00f3n. Con eso de que no brinca o alza una mano cuando se lo ordenan desde el b\u00fanker universitario. Ap\u00fantese, le conviene.<\/p>\n<p>\u00a0\u00a0 \u00a0\u00a0\u00a0 \u00a0\u00a0\u00a0 \u00a0\u00a0\u00a0 \u00a0\u00a0\u00a0 \u00a0***<\/p>\n<p>AHORA S\u00cd YA NO ENTIENDO.- Cierto, son demasiados los procesos judiciales cuando mujeres hidalguenses deciden interrumpir un embarazo. Y est\u00e1 claro que eso cada vez suena m\u00e1s injusto. Pero, \u00bfa qu\u00e9 no sabe qu\u00e9 diputados decidieron decirle no a la Iniciativa para la Interrupci\u00f3n Legal del Embarazo apenas el a\u00f1o pasado, por as\u00ed convenirles, seg\u00fan ellos, para el proceso electoral en que se elegir\u00e1n alcaldes? Pues ni m\u00e1s ni menos que los del Grupo Universidad. As\u00ed es y que no le hagan al t\u00edo Lolo. Pero sucede que ahora pegan el grito al cielo, se rasgan las vestiduras, se echan ceniza en la cara por lo que sucede. No, no entiendo de plano. <\/p>\n<p>\u00a0\u00a0 \u00a0\u00a0\u00a0 \u00a0\u00a0\u00a0 \u00a0\u00a0\u00a0 \u00a0\u00a0\u00a0 \u00a0***<\/p>\n<p>VIOLENCIA DESATADA EL D\u00cdA DE AYER EN HIDALGO.- S\u00ed, el problema tiende a complicarse. Est\u00e1 as\u00ed en todo el pa\u00eds y no es ning\u00fan consuelo. Hay ejecuciones, cad\u00e1veres que aparecen de manera constante. El pa\u00eds entero debe serenarse y en esto todos, de alguna forma, debemos participar. Por muchas razones deseamos que el plan del Presidente L\u00f3pez Obrador para combatir este grav\u00edsimo problema sea todo un \u00e9xito. A nadie conviene lo contrario. El tiempo se agota para lograr llevar a buen puerto la estrategia que permita atender los or\u00edgenes de la violencia, pero tambi\u00e9n cuando ya es una realidad amarga, terrible.<\/p>\n<p>\u00a0\u00a0 \u00a0\u00a0\u00a0 \u00a0\u00a0\u00a0 \u00a0\u00a0\u00a0 \u00a0\u00a0\u00a0 \u00a0***<\/p>\n<p>Aviso para que no digan: Esa columna se nutre de comentarios recabados en agencias del Recontra-Espionaje, muy similares a las que populariz\u00f3 el \u201cS\u00faper Agente 86\u201d en sus tiempos. Como tal, usted est\u00e1 en libertad de creer o no lo que lee, recontra-enojarse, recontra-carcajearse y hasta recontra-recordarnos a nuestra jefecita (nosotros recontra-hacemos lo propio). Avisado est\u00e1 usted.<\/p>\n<p>Dudas y comentarios:<br \/>desexenterado@gmail.com<br \/>@desexentrado<\/p>\n","protected":false},"excerpt":{"rendered":"<p>REUNI\u00d3N ULTRA-SECRETA DE EX SUBSECRETARIO DE SEGOB CON SOSA.- Alberto Beg\u00f1\u00e9 Guerra, se desempe\u00f1\u00f3 como subsecretario de Prevenci\u00f3n del Delito y Participaci\u00f3n Ciudadana en la Secretar\u00eda de Gobernaci\u00f3n, con el ex gobernador, Miguel \u00c1ngel Osorio Chong, ocup\u00f3 la titularidad de la dependencia.<\/p>\n","protected":false},"author":93,"featured_media":0,"comment_status":"open","ping_status":"open","sticky":false,"template":"","format":"standard","meta":{"footnotes":""},"categories":[83,42],"tags":[66],"class_list":["post-98358","post","type-post","status-publish","format-standard","hentry","category-dese-por-enterado","category-nuestrapalabra","tag-dese"],"_links":{"self":[{"href":"https:\/\/plazajuarez.mx\/historico\/wp-json\/wp\/v2\/posts\/98358","targetHints":{"allow":["GET"]}}],"collection":[{"href":"https:\/\/plazajuarez.mx\/historico\/wp-json\/wp\/v2\/posts"}],"about":[{"href":"https:\/\/plazajuarez.mx\/historico\/wp-json\/wp\/v2\/types\/post"}],"author":[{"embeddable":true,"href":"https:\/\/plazajuarez.mx\/historico\/wp-json\/wp\/v2\/users\/93"}],"replies":[{"embeddable":true,"href":"https:\/\/plazajuarez.mx\/historico\/wp-json\/wp\/v2\/comments?post=98358"}],"version-history":[{"count":0,"href":"https:\/\/plazajuarez.mx\/historico\/wp-json\/wp\/v2\/posts\/98358\/revisions"}],"wp:attachment":[{"href":"https:\/\/plazajuarez.mx\/historico\/wp-json\/wp\/v2\/media?parent=98358"}],"wp:term":[{"taxonomy":"category","embeddable":true,"href":"https:\/\/plazajuarez.mx\/historico\/wp-json\/wp\/v2\/categories?post=98358"},{"taxonomy":"post_tag","embeddable":true,"href":"https:\/\/plazajuarez.mx\/historico\/wp-json\/wp\/v2\/tags?post=98358"}],"curies":[{"name":"wp","href":"https:\/\/api.w.org\/{rel}","templated":true}]}}