{"id":98293,"date":"2020-01-26T14:45:07","date_gmt":"2020-01-26T14:45:07","guid":{"rendered":"http:\/\/plazajuarez.mx\/index\/index.php\/2020\/01\/26\/pescina-se-paseara-por-ciudades-coloniales\/"},"modified":"2020-01-26T14:45:07","modified_gmt":"2020-01-26T14:45:07","slug":"pescina-se-paseara-por-ciudades-coloniales","status":"publish","type":"post","link":"https:\/\/plazajuarez.mx\/historico\/pescina-se-paseara-por-ciudades-coloniales\/","title":{"rendered":"PESCINA SE PASEAR\u00c1 POR CIUDADES COLONIALES\u2028\u2028"},"content":{"rendered":"<p>Un ind\u00edgena chichimeca es personaje principal de &#8220;La templanza&#8221;, novela escrita por la espa\u00f1ola Mar\u00eda Due\u00f1as, y \u00e9ste tomar\u00e1 forma en la piel de Jos\u00e9 Pescina.\u2028<\/p>\n<p>  <!--more-->  <\/p>\n<p>El actor de &#8220;Carm\u00edn tropical&#8221; y &#8220;El C\u00e9sar&#8221; forma parte de la serie basada en la obra, que realiza Prime Video para Amazon.\u2028La templanza sigue a Mauro Larrea (Rafael Novoa, &#8220;El se\u00f1or de los cielos&#8221;), un hombre ahogado por las deudas y la incertidumbre hasta que una mujer lo arrastra desde M\u00e9xico a La Habana colonial y las Antillas.\u2028&#8221;Santos es un ind\u00edgena que vive en la ciudad despu\u00e9s de la Independencia y se encuentra con un espa\u00f1ol que viene a buscar un poco la vida; al final, hacen mancuerna&#8221;, se\u00f1ala Pescina.\u2028De acuerdo con la autora de la historia, el ind\u00edgena es el criado de confianza de Larrea desde las minas.\u2028Es analfabeta, pero ingenioso, escurridizo, c\u00f3mplice y leal. Acompa\u00f1a a Mauro a largo de toda la trama.\u2028&#8221;Mi personaje habla todo en espa\u00f1ol y pues s\u00ed se ven marcadas las clases sociales&#8221;, detalla el histri\u00f3n.\u2028&#8221;La templanza&#8221;, ubicada en el siglo XIX, es dirigida por Guillem Morales, realizador de Los ojos de Julia.<\/p>\n","protected":false},"excerpt":{"rendered":"<p>Un ind\u00edgena chichimeca es personaje principal de &#8220;La templanza&#8221;, novela escrita por la espa\u00f1ola Mar\u00eda Due\u00f1as, y \u00e9ste tomar\u00e1 forma en la piel de Jos\u00e9 Pescina.\u2028<\/p>\n","protected":false},"author":93,"featured_media":0,"comment_status":"open","ping_status":"open","sticky":false,"template":"","format":"standard","meta":{"footnotes":""},"categories":[41],"tags":[],"class_list":["post-98293","post","type-post","status-publish","format-standard","hentry","category-arteria-cultural"],"_links":{"self":[{"href":"https:\/\/plazajuarez.mx\/historico\/wp-json\/wp\/v2\/posts\/98293","targetHints":{"allow":["GET"]}}],"collection":[{"href":"https:\/\/plazajuarez.mx\/historico\/wp-json\/wp\/v2\/posts"}],"about":[{"href":"https:\/\/plazajuarez.mx\/historico\/wp-json\/wp\/v2\/types\/post"}],"author":[{"embeddable":true,"href":"https:\/\/plazajuarez.mx\/historico\/wp-json\/wp\/v2\/users\/93"}],"replies":[{"embeddable":true,"href":"https:\/\/plazajuarez.mx\/historico\/wp-json\/wp\/v2\/comments?post=98293"}],"version-history":[{"count":0,"href":"https:\/\/plazajuarez.mx\/historico\/wp-json\/wp\/v2\/posts\/98293\/revisions"}],"wp:attachment":[{"href":"https:\/\/plazajuarez.mx\/historico\/wp-json\/wp\/v2\/media?parent=98293"}],"wp:term":[{"taxonomy":"category","embeddable":true,"href":"https:\/\/plazajuarez.mx\/historico\/wp-json\/wp\/v2\/categories?post=98293"},{"taxonomy":"post_tag","embeddable":true,"href":"https:\/\/plazajuarez.mx\/historico\/wp-json\/wp\/v2\/tags?post=98293"}],"curies":[{"name":"wp","href":"https:\/\/api.w.org\/{rel}","templated":true}]}}