{"id":98292,"date":"2020-01-26T14:45:06","date_gmt":"2020-01-26T14:45:06","guid":{"rendered":"http:\/\/plazajuarez.mx\/index\/index.php\/2020\/01\/26\/va-la-caravana-migrante-al-cine\/"},"modified":"2020-01-26T14:45:06","modified_gmt":"2020-01-26T14:45:06","slug":"va-la-caravana-migrante-al-cine","status":"publish","type":"post","link":"https:\/\/plazajuarez.mx\/historico\/va-la-caravana-migrante-al-cine\/","title":{"rendered":"Va la caravana migrante al cine"},"content":{"rendered":"<p>DOCUMENTAL\u00a0 <br \/>\u00a0\u00a0 \u00a0\u2022\u00a0\u00a0 \u00a0Se pretende que &#8220;Nosotros los migrantes&#8221; estrene en el transcurso del a\u00f1o\u2028<\/p>\n<p>  <!--more-->  <\/p>\n<p>La caravana migrante de centroamericanos que buscan una oportunidad en Estados Unidos fue seguida por la mexicana Olga Segura, por medio de un documental ahora en etapa de posproducci\u00f3n.\u2028El proyecto titulado &#8220;Nosotros los migrantes&#8221; es dirigido por James Marcus Haney, realizador de videos clips de Elton John y Coldplay.\u2028&#8221;\u00c9l ha seguido a la caravana por 70 d\u00edas y despu\u00e9s se volvi\u00f3 amigo de ellos y ha seguido documentado todo el proceso, la b\u00fasqueda de asilo y todo lo que ha venido, como las derrotas, las luchas para ello&#8221;, comenta Segura.\u2028Segura ha producido en el extranjero las cintas &#8220;Cellmates&#8221;, protagonizada por Tom Sizemore; &#8220;La cena&#8221;, con Richard Gere y &#8220;End of sentence&#8221;, estelarizada por John Hawkes (&#8220;Invierno profundo&#8221;).\u2028Ahora prepara el lanzamiento de &#8220;Waiting for the barbarians&#8221;, basada en la novela hom\u00f3nima de J.M. Coetzee, en la que act\u00faan Johnny Depp, Robert Pattinson y Mary Rylance.\u2028Se pretende que &#8220;Nosotros los migrantes&#8221; estrene en el transcurso del a\u00f1o.\u2028&#8221;Hay que saber qui\u00e9nes son ellos, creo hay una confusi\u00f3n muy grande y hay que tratar de cambiar eso, muchas personas no entienden por qu\u00e9 est\u00e1n migrando y eso es algo muy importante que vamos a tocar en el documental&#8221;, considera Segura.\u2028En Sundance. La tambi\u00e9n actriz de &#8220;Ver\u00f3nica&#8221; y &#8220;La hermandad&#8221; toma la llamada desde Sundance, festival de cine independiente creado por Robert Redford.\u2028Este viernes abri\u00f3 la puerta de The Latinx House, un espacio para celebrar el talento latino que se da en el certamen.\u2028El lugar es fundado por la defensora y activista de derechos civiles M\u00f3nica Ram\u00edrez, la cineasta y activista Alexandra Mart\u00ednez Kondracke y la propia Segura.\u2028&#8221;No hab\u00eda un lugar para los latinos que llegan y de la comunidad latina en EU; estuve en Sundance en 2012 y 2013 y no hab\u00eda nada; los afroamericanos s\u00ed ten\u00edan la suya como la Black House&#8221;, recuerda.\u2028El espacio estar\u00e1 abierto este fin de semana y tendr\u00e1 una serie de actividades, como la presencia de America Ferrera (&#8220;Ugly Betty&#8221;) en un conversatorio y de Eva Longoria (&#8220;Mujeres desesperadas&#8221;).\u2028La Latinx House tambi\u00e9n se pondr\u00e1 en el festival South by Southwest, evento que congrega diversos eventos y conferencias de pel\u00edculas, medios interactivos y m\u00fasica, en Austin, Texas.<\/p>\n","protected":false},"excerpt":{"rendered":"<p>DOCUMENTAL\u00a0 \u00a0\u00a0 \u00a0\u2022\u00a0\u00a0 \u00a0Se pretende que &#8220;Nosotros los migrantes&#8221; estrene en el transcurso del a\u00f1o\u2028<\/p>\n","protected":false},"author":93,"featured_media":0,"comment_status":"open","ping_status":"open","sticky":false,"template":"","format":"standard","meta":{"footnotes":""},"categories":[41],"tags":[],"class_list":["post-98292","post","type-post","status-publish","format-standard","hentry","category-arteria-cultural"],"_links":{"self":[{"href":"https:\/\/plazajuarez.mx\/historico\/wp-json\/wp\/v2\/posts\/98292","targetHints":{"allow":["GET"]}}],"collection":[{"href":"https:\/\/plazajuarez.mx\/historico\/wp-json\/wp\/v2\/posts"}],"about":[{"href":"https:\/\/plazajuarez.mx\/historico\/wp-json\/wp\/v2\/types\/post"}],"author":[{"embeddable":true,"href":"https:\/\/plazajuarez.mx\/historico\/wp-json\/wp\/v2\/users\/93"}],"replies":[{"embeddable":true,"href":"https:\/\/plazajuarez.mx\/historico\/wp-json\/wp\/v2\/comments?post=98292"}],"version-history":[{"count":0,"href":"https:\/\/plazajuarez.mx\/historico\/wp-json\/wp\/v2\/posts\/98292\/revisions"}],"wp:attachment":[{"href":"https:\/\/plazajuarez.mx\/historico\/wp-json\/wp\/v2\/media?parent=98292"}],"wp:term":[{"taxonomy":"category","embeddable":true,"href":"https:\/\/plazajuarez.mx\/historico\/wp-json\/wp\/v2\/categories?post=98292"},{"taxonomy":"post_tag","embeddable":true,"href":"https:\/\/plazajuarez.mx\/historico\/wp-json\/wp\/v2\/tags?post=98292"}],"curies":[{"name":"wp","href":"https:\/\/api.w.org\/{rel}","templated":true}]}}