{"id":98291,"date":"2020-01-26T14:45:06","date_gmt":"2020-01-26T14:45:06","guid":{"rendered":"http:\/\/plazajuarez.mx\/index\/index.php\/2020\/01\/26\/ninos-fugitivos\/"},"modified":"2020-01-26T14:45:06","modified_gmt":"2020-01-26T14:45:06","slug":"ninos-fugitivos","status":"publish","type":"post","link":"https:\/\/plazajuarez.mx\/historico\/ninos-fugitivos\/","title":{"rendered":"Ni\u00f1os fugitivos"},"content":{"rendered":"<p>CINE DE HOY<br \/>\u00a0\u00a0 \u00a0\u2022\u00a0\u00a0 \u00a0La directora adapta una novela biogr\u00e1fica de Fanny Ben Ami, ambientada durante la Segunda Guerra Mundial\u2028<\/p>\n<p>  <!--more-->  <\/p>\n<p>La segunda cinta francesa incluida en el XVII Festival Internacional de Cine Jud\u00edo, es la entra\u00f1able El viaje de Fanny de Lola Doillon, otro filme televisivo realizado en el 2016.<br \/>La directora adapta una novela biogr\u00e1fica de Fanny Ben Ami, ambientada durante la Segunda Guerra Mundial, cuando algunas familias jud\u00edas francesas decidieron encargar a sus hijos a diversas instituciones para salvarlos,<br \/>Ese es el caso de Fanny (Leonie Souchaud) y sus dos peque\u00f1as hermanas Georgette (Juliane Lepoureau) y Erika (Fantine Harduin), que son encomendadas por su madre a un instituto.<br \/>Sin embargo, \u00e9stas tienen que ser trasladadas a otra tras la llegada de los alemanes.<br \/>Madame Forman (Cecile de France) se hace cargo de ellas y trata de llevarlas a Suiza, pero es detenida por las autoridades.<br \/>Fanny deber\u00e1 de tratar de llegar a la frontera con sus hermanas y otros cinco ni\u00f1os, con la inesperada ayuda del granjero Jean (Stephane De Froodt) y otras personas.<br \/>La esposa del tambi\u00e9n realizador Cedric Klapisch y directora de Contre toi consigue un filme entra\u00f1able acerca de un episodio que desgraciadamente se repiti\u00f3 muchas veces en Francia, y que ya hab\u00eda sido tratado en filmes como La canica azul.<br \/>Le voyage de Fanny resulta un bello y sencillo filme que es de lo mejor del Festival, que aunque redujo el n\u00famero, mantuvo la calidad.\u00a0 <\/p>\n","protected":false},"excerpt":{"rendered":"<p>CINE DE HOY\u00a0\u00a0 \u00a0\u2022\u00a0\u00a0 \u00a0La directora adapta una novela biogr\u00e1fica de Fanny Ben Ami, ambientada durante la Segunda Guerra Mundial\u2028<\/p>\n","protected":false},"author":93,"featured_media":0,"comment_status":"open","ping_status":"open","sticky":false,"template":"","format":"standard","meta":{"footnotes":""},"categories":[41],"tags":[],"class_list":["post-98291","post","type-post","status-publish","format-standard","hentry","category-arteria-cultural"],"_links":{"self":[{"href":"https:\/\/plazajuarez.mx\/historico\/wp-json\/wp\/v2\/posts\/98291","targetHints":{"allow":["GET"]}}],"collection":[{"href":"https:\/\/plazajuarez.mx\/historico\/wp-json\/wp\/v2\/posts"}],"about":[{"href":"https:\/\/plazajuarez.mx\/historico\/wp-json\/wp\/v2\/types\/post"}],"author":[{"embeddable":true,"href":"https:\/\/plazajuarez.mx\/historico\/wp-json\/wp\/v2\/users\/93"}],"replies":[{"embeddable":true,"href":"https:\/\/plazajuarez.mx\/historico\/wp-json\/wp\/v2\/comments?post=98291"}],"version-history":[{"count":0,"href":"https:\/\/plazajuarez.mx\/historico\/wp-json\/wp\/v2\/posts\/98291\/revisions"}],"wp:attachment":[{"href":"https:\/\/plazajuarez.mx\/historico\/wp-json\/wp\/v2\/media?parent=98291"}],"wp:term":[{"taxonomy":"category","embeddable":true,"href":"https:\/\/plazajuarez.mx\/historico\/wp-json\/wp\/v2\/categories?post=98291"},{"taxonomy":"post_tag","embeddable":true,"href":"https:\/\/plazajuarez.mx\/historico\/wp-json\/wp\/v2\/tags?post=98291"}],"curies":[{"name":"wp","href":"https:\/\/api.w.org\/{rel}","templated":true}]}}