{"id":98290,"date":"2020-01-26T14:45:06","date_gmt":"2020-01-26T14:45:06","guid":{"rendered":"http:\/\/plazajuarez.mx\/index\/index.php\/2020\/01\/26\/dolor-y-gloria-triunfa-en-los-goya\/"},"modified":"2020-01-26T14:45:06","modified_gmt":"2020-01-26T14:45:06","slug":"dolor-y-gloria-triunfa-en-los-goya","status":"publish","type":"post","link":"https:\/\/plazajuarez.mx\/historico\/dolor-y-gloria-triunfa-en-los-goya\/","title":{"rendered":"\u201cDOLOR Y GLORIA\u201d TRIUNFA EN LOS GOYA"},"content":{"rendered":"<p>\u00a0\u00a0\u00a0 \u2022\u00a0\u00a0 \u00a0Re\u00f1id\u00edsimos hasta el final y bastante repartidos, los Goya se decantaron en la recta final por la cinta de Almod\u00f3var\u2028<\/p>\n<p>  <!--more-->  <\/p>\n<p>Pedro Almod\u00f3var fue el triunfador de la 34 edici\u00f3n de los Goya del cine espa\u00f1ol en una noche marcada por la ausencia de la galardonada de honor, Pepa Flores, y en la que el premio a mejor pel\u00edcula iberoamericana fue para la argentina &#8220;La odisea de los giles&#8221;.<br \/>Re\u00f1id\u00edsimos hasta el final y bastante repartidos, los Goya se decantaron en la recta final por &#8220;Dolor y gloria&#8221;, que se alz\u00f3 con siete galardones: mejor pel\u00edcula, direcci\u00f3n, guion original, actor protagonista (Antonio Banderas), actriz secundaria (Julieta Serrano), m\u00fasica (Alberto Iglesias) y montaje.<br \/>Es la tercera vez que Almod\u00f3var hace el doblete de mejor pel\u00edcula y mejor director despu\u00e9s de &#8220;Todo sobre mi madre&#8221; y &#8220;Volver&#8221;.<br \/>&#8220;Dolor y gloria&#8221; competir\u00e1 el 9 de febrero por el \u00d3scar a mejor pel\u00edcula internacional y la Academia de cine espa\u00f1ol tambi\u00e9n anunci\u00f3 que representar\u00e1 a Espa\u00f1a en los Premios Ariel de M\u00e9xico.<br \/>Tras la ceremonia y al ser preguntado por los \u00d3scar, el cineasta asegur\u00f3 que \u201cno es m\u00e1s f\u00e1cil ganar un Goya\u201d que un premio de la academia de Hollywood, y que si no lo recibe \u201cla vida sigue, tu trabajo sigue\u201d y a\u00f1adi\u00f3 que en la actualidad se encuentra \u201cplet\u00f3rico\u201d.<br \/>Un protagonismo, el de Almod\u00f3var, que se benefici\u00f3 de la ausencia de Pepa Flores, Premio Goya de honor, y a la que todos esperaban pese a que las posibilidades de que asistiera eran pr\u00e1cticamente nulas.<br \/>Incluso cuando su hija Maria Esteve anunci\u00f3 que su madre no asistir\u00eda a la gala y que ser\u00edan ella y sus hermanas las que recoger\u00edan el Goya, ello no acab\u00f3 con la esperanza de que la artista e icono infantil como Marisol acabara finalmente por aparecer en el Palacio de los Deportes Mart\u00edn Carpena de M\u00e1laga (sur), donde se celebr\u00f3 la ceremonia.<br \/>Si hab\u00eda alguna posibilidad de que Pepa Flores abandonara el retiro que se autoimpuso en 1985 era que los Goya se celebraran en su adorada tierra natal malague\u00f1a, pero ni siquiera eso le hizo salir de esa invisibilidad buscada.<br \/>Los traumas que le gener\u00f3 su exitosa infancia como artista marcaron la vida de Pepa Flores hasta el punto de renunciar a su carrera profesional con solo 37 a\u00f1os. Y desde entonces su desaparici\u00f3n ha sido pr\u00e1cticamente total.<br \/>&#8220;Hace 30 a\u00f1os nuestra madre tom\u00f3 la firme decisi\u00f3n de apartase de los focos para siempre y hoy, emocionada y s\u00faper agradecida a la Academia y a los compa\u00f1eros, nos est\u00e1 viendo sin perder detalle en un lugar tranquilo&#8221;, dijo Esteve, llena de orgullo.<\/p>\n","protected":false},"excerpt":{"rendered":"<p>\u00a0\u00a0\u00a0 \u2022\u00a0\u00a0 \u00a0Re\u00f1id\u00edsimos hasta el final y bastante repartidos, los Goya se decantaron en la recta final por la cinta de Almod\u00f3var\u2028<\/p>\n","protected":false},"author":93,"featured_media":0,"comment_status":"open","ping_status":"open","sticky":false,"template":"","format":"standard","meta":{"footnotes":""},"categories":[38],"tags":[],"class_list":["post-98290","post","type-post","status-publish","format-standard","hentry","category-show"],"_links":{"self":[{"href":"https:\/\/plazajuarez.mx\/historico\/wp-json\/wp\/v2\/posts\/98290","targetHints":{"allow":["GET"]}}],"collection":[{"href":"https:\/\/plazajuarez.mx\/historico\/wp-json\/wp\/v2\/posts"}],"about":[{"href":"https:\/\/plazajuarez.mx\/historico\/wp-json\/wp\/v2\/types\/post"}],"author":[{"embeddable":true,"href":"https:\/\/plazajuarez.mx\/historico\/wp-json\/wp\/v2\/users\/93"}],"replies":[{"embeddable":true,"href":"https:\/\/plazajuarez.mx\/historico\/wp-json\/wp\/v2\/comments?post=98290"}],"version-history":[{"count":0,"href":"https:\/\/plazajuarez.mx\/historico\/wp-json\/wp\/v2\/posts\/98290\/revisions"}],"wp:attachment":[{"href":"https:\/\/plazajuarez.mx\/historico\/wp-json\/wp\/v2\/media?parent=98290"}],"wp:term":[{"taxonomy":"category","embeddable":true,"href":"https:\/\/plazajuarez.mx\/historico\/wp-json\/wp\/v2\/categories?post=98290"},{"taxonomy":"post_tag","embeddable":true,"href":"https:\/\/plazajuarez.mx\/historico\/wp-json\/wp\/v2\/tags?post=98290"}],"curies":[{"name":"wp","href":"https:\/\/api.w.org\/{rel}","templated":true}]}}