{"id":97647,"date":"2020-01-14T19:38:59","date_gmt":"2020-01-14T19:38:59","guid":{"rendered":"http:\/\/plazajuarez.mx\/index\/index.php\/2020\/01\/14\/video-trabajadores-del-ayuntamiento-demandan-abasto-de-medicamento\/"},"modified":"2020-01-14T19:38:59","modified_gmt":"2020-01-14T19:38:59","slug":"video-trabajadores-del-ayuntamiento-demandan-abasto-de-medicamento","status":"publish","type":"post","link":"https:\/\/plazajuarez.mx\/historico\/video-trabajadores-del-ayuntamiento-demandan-abasto-de-medicamento\/","title":{"rendered":"VIDEO | Trabajadores del ayuntamiento demandan abasto de medicamento"},"content":{"rendered":"<p>Pachuca  <!--more--> <\/p>\n<p>  Trabajadores del ayuntamiento de Pachuca acudieron a las oficinas de la presidencia municipal para demandar la falta de atenci\u00f3n m\u00e9dica y medicamentos, luego de que se licitara el servicio con la Cruz Roja Mexicana, a qui\u00e9n los trabajadores han tachado de negligente, por el servicio  \u201cinhumano\u201d y la falta de capacidad que tiene la instituci\u00f3n para atender a los trabajadores.<\/p>\n<p>  De acuerdo con algunos de los inconformes, el servicio m\u00e9dico que contempla la Cruz Roja Mexicana es muy b\u00e1sico ya que no realizan cirug\u00edas, ni ha otorgado el medicamento que requieren los trabajadores municipales, por lo que exigieron la presencia de la alcaldesa, Yolanda Teller\u00eda Beltr\u00e1n; sin embargo, fueron atendidos por otros funcionarios.<\/p>\n<p>  Entre los inconformes destac\u00f3 un trabajador que acus\u00f3 negligencia en Cruz Roja ya que al nacer su hija en esta instituci\u00f3n, present\u00f3 algunos s\u00edntomas que el personal calific\u00f3 como \u201cnormales\u201d, no obstante, con el paso del tiempo se agrav\u00f3 la situaci\u00f3n y comenz\u00f3 a convulsionarse. <\/p>\n<p>  La menor termin\u00f3 internada en el Hospital del Ni\u00f1o DIFH, por lo anterior surgi\u00f3 la desconfianza hacia la Cruz Roja Mexicana ya que asegur\u00f3 \u201csi por ellos fuera, mi hija estuviera muerta, porqu\u00e9 dec\u00edan que todo era normal\u201d. <\/p>\n<p>  Otros de los trabajadores se\u00f1alaron que no reciben atenci\u00f3n desde hace dos meses o m\u00e1s, que reciben consultas a medias, que el seguro no cubre especialidades y por ende estas deben de buscarse en servicios particulares o en cl\u00ednicas p\u00fablicas que tambi\u00e9n son muy costosas. <\/p>\n<p>  Adem\u00e1s destacaron la posible sospecha de que la presidenta no est\u00e9 enterada de la p\u00e9sima atenci\u00f3n m\u00e9dica que reciben los trabajadores.<\/p>\n<p>  <center><iframe loading=\"lazy\" src=\"https:\/\/www.facebook.com\/plugins\/video.php?href=https%3A%2F%2Fwww.facebook.com%2Fdiarioplazajuarez%2Fvideos%2F2416837255313571%2F&#038;show_text=1&#038;width=560\" width=\"560\" height=\"444\" style=\"border:none;overflow:hidden\" scrolling=\"no\" frameborder=\"0\" allowTransparency=\"true\" allow=\"encrypted-media\" allowFullScreen=\"true\"><\/iframe><\/center><\/p>\n","protected":false},"excerpt":{"rendered":"<p>Pachuca<\/p>\n","protected":false},"author":6,"featured_media":0,"comment_status":"open","ping_status":"open","sticky":false,"template":"","format":"standard","meta":{"footnotes":""},"categories":[59],"tags":[],"class_list":["post-97647","post","type-post","status-publish","format-standard","hentry","category-general"],"_links":{"self":[{"href":"https:\/\/plazajuarez.mx\/historico\/wp-json\/wp\/v2\/posts\/97647","targetHints":{"allow":["GET"]}}],"collection":[{"href":"https:\/\/plazajuarez.mx\/historico\/wp-json\/wp\/v2\/posts"}],"about":[{"href":"https:\/\/plazajuarez.mx\/historico\/wp-json\/wp\/v2\/types\/post"}],"author":[{"embeddable":true,"href":"https:\/\/plazajuarez.mx\/historico\/wp-json\/wp\/v2\/users\/6"}],"replies":[{"embeddable":true,"href":"https:\/\/plazajuarez.mx\/historico\/wp-json\/wp\/v2\/comments?post=97647"}],"version-history":[{"count":0,"href":"https:\/\/plazajuarez.mx\/historico\/wp-json\/wp\/v2\/posts\/97647\/revisions"}],"wp:attachment":[{"href":"https:\/\/plazajuarez.mx\/historico\/wp-json\/wp\/v2\/media?parent=97647"}],"wp:term":[{"taxonomy":"category","embeddable":true,"href":"https:\/\/plazajuarez.mx\/historico\/wp-json\/wp\/v2\/categories?post=97647"},{"taxonomy":"post_tag","embeddable":true,"href":"https:\/\/plazajuarez.mx\/historico\/wp-json\/wp\/v2\/tags?post=97647"}],"curies":[{"name":"wp","href":"https:\/\/api.w.org\/{rel}","templated":true}]}}